{"id":194596,"date":"2021-08-27T07:59:25","date_gmt":"2021-08-27T04:59:25","guid":{"rendered":"http:\/\/107.6.182.27\/es\/?p=194596"},"modified":"2023-01-12T14:40:31","modified_gmt":"2023-01-12T12:40:31","slug":"eeuu-y-la-otan-sufrieron-humillante-derrota-en-afganistan-afirma-partido-comunista-checo","status":"publish","type":"post","link":"https:\/\/archive.sana.sy\/es\/?p=194596","title":{"rendered":"EEUU y la OTAN sufrieron humillante derrota en Afganist\u00e1n, afirma Partido Comunista Checo"},"content":{"rendered":"<p style=\"text-align: justify;\"><strong><span style=\"color: #800000;\">Praga, SANA<\/span><\/strong><\/p>\n<p style=\"text-align: justify;\">El vicepresidente del Partido Comunista Checo, Milan Kraicha, dijo que EE.UU. y la OTAN sufrieron una humillante derrota en Afganist\u00e1n despu\u00e9s de 20 a\u00f1os de ocupaci\u00f3n continua bajo el pretexto de la lucha antiterrorista.<\/p>\n<p style=\"text-align: justify;\">\u201cLa derrota deber\u00eda ser motivo para intensificar los esfuerzos encaminados a hacer cambios fundamentales en la pol\u00edtica exterior checa\u201d, se\u00f1al\u00f3 Karicha en un art\u00edculo de opini\u00f3n publicado hoy.<\/p>\n<p style=\"text-align: justify;\">Asimismo, llam\u00f3 a su pa\u00eds para retirarse de la OTAN y negarse a participar en cualquier acto imperialista de agresi\u00f3n.<\/p>\n<p style=\"text-align: justify;\">En un contexto relacionado, Karicha inst\u00f3 a su pa\u00eds a adaptar una pol\u00edtica exterior independiente de la OTAN basada en la paz y el derecho internacional, subrayando que esto est\u00e1 &#8220;m\u00e1s que justificado en este momento&#8221;.<\/p>\n<p style=\"text-align: justify;\"><span style=\"color: #0000ff;\"><strong>ah\/fm<\/strong><\/span><\/p>\n","protected":false},"excerpt":{"rendered":"<p>Praga, SANA El vicepresidente del Partido Comunista Checo, Milan Kraicha, dijo que EE.UU. y la OTAN sufrieron una humillante derrota en Afganist\u00e1n despu\u00e9s de 20 a\u00f1os de ocupaci\u00f3n continua bajo el pretexto de la lucha antiterrorista. \u201cLa derrota deber\u00eda ser motivo para intensificar los esfuerzos encaminados a hacer cambios fundamentales en la pol\u00edtica exterior checa\u201d, &hellip;<\/p>\n","protected":false},"author":30,"featured_media":194597,"comment_status":"closed","ping_status":"closed","sticky":false,"template":"","format":"standard","meta":{"footnotes":""},"categories":[597,456,7541],"tags":[19426,19425],"class_list":["post-194596","post","type-post","status-publish","format-standard","has-post-thumbnail","","category-cinta-de-noticias","category-arabe-internacional-politica","category-ultimas-noticias","tag-afirma-partido-comunista-checo","tag-eeuu-y-la-otan-sufrieron-humillante-derrota-en-afganistan"],"_links":{"self":[{"href":"https:\/\/archive.sana.sy\/es\/index.php?rest_route=\/wp\/v2\/posts\/194596"}],"collection":[{"href":"https:\/\/archive.sana.sy\/es\/index.php?rest_route=\/wp\/v2\/posts"}],"about":[{"href":"https:\/\/archive.sana.sy\/es\/index.php?rest_route=\/wp\/v2\/types\/post"}],"author":[{"embeddable":true,"href":"https:\/\/archive.sana.sy\/es\/index.php?rest_route=\/wp\/v2\/users\/30"}],"replies":[{"embeddable":true,"href":"https:\/\/archive.sana.sy\/es\/index.php?rest_route=%2Fwp%2Fv2%2Fcomments&post=194596"}],"version-history":[{"count":0,"href":"https:\/\/archive.sana.sy\/es\/index.php?rest_route=\/wp\/v2\/posts\/194596\/revisions"}],"wp:featuredmedia":[{"embeddable":true,"href":"https:\/\/archive.sana.sy\/es\/index.php?rest_route=\/wp\/v2\/media\/194597"}],"wp:attachment":[{"href":"https:\/\/archive.sana.sy\/es\/index.php?rest_route=%2Fwp%2Fv2%2Fmedia&parent=194596"}],"wp:term":[{"taxonomy":"category","embeddable":true,"href":"https:\/\/archive.sana.sy\/es\/index.php?rest_route=%2Fwp%2Fv2%2Fcategories&post=194596"},{"taxonomy":"post_tag","embeddable":true,"href":"https:\/\/archive.sana.sy\/es\/index.php?rest_route=%2Fwp%2Fv2%2Ftags&post=194596"}],"curies":[{"name":"wp","href":"https:\/\/api.w.org\/{rel}","templated":true}]}}