{"id":194602,"date":"2021-08-27T12:17:52","date_gmt":"2021-08-27T09:17:52","guid":{"rendered":"http:\/\/107.6.182.27\/es\/?p=194602"},"modified":"2023-01-12T14:40:31","modified_gmt":"2023-01-12T12:40:31","slug":"tres-palestinos-resultan-heridos-en-belen-por-asaltos-de-la-ocupacion-israeli","status":"publish","type":"post","link":"https:\/\/archive.sana.sy\/es\/?p=194602","title":{"rendered":"Tres palestinos resultan heridos en Bel\u00e9n por asaltos de la ocupaci\u00f3n israel\u00ed"},"content":{"rendered":"<p style=\"text-align: justify;\"><span style=\"color: #800000;\"><strong>Jerusal\u00e9n ocupada, SANA<\/strong><\/span><\/p>\n<p style=\"text-align: justify;\">Tres palestinos resultaron heridos este viernes, en agresiones de las fuerzas de ocupaci\u00f3n israel\u00edes en la ciudad de Bel\u00e9n, en la Ribera Occidental.<\/p>\n<p style=\"text-align: justify;\">Seg\u00fan difundi\u00f3 la agencia palestina de noticias WAFA, \u201clas fuerzas de ocupaci\u00f3n hirieron y arrestaron a tres palestinos tras disparar contra su coche en la aldea de Beit Fajar al sur de Bel\u00e9n.<\/p>\n<p style=\"text-align: justify;\">Las fuerzas sionistas contin\u00faan sus pr\u00e1cticas agresivas contra los palestinos atac\u00e1ndolos y asaltando sus ciudades y aldeas con el objetivo de desplazarlos y apoderarse de sus tierras.<\/p>\n<p style=\"text-align: justify;\"><span style=\"color: #0000ff;\"><strong>ah\/fm<\/strong><\/span><\/p>\n","protected":false},"excerpt":{"rendered":"<p>Jerusal\u00e9n ocupada, SANA Tres palestinos resultaron heridos este viernes, en agresiones de las fuerzas de ocupaci\u00f3n israel\u00edes en la ciudad de Bel\u00e9n, en la Ribera Occidental. Seg\u00fan difundi\u00f3 la agencia palestina de noticias WAFA, \u201clas fuerzas de ocupaci\u00f3n hirieron y arrestaron a tres palestinos tras disparar contra su coche en la aldea de Beit Fajar &hellip;<\/p>\n","protected":false},"author":30,"featured_media":194603,"comment_status":"closed","ping_status":"closed","sticky":false,"template":"","format":"standard","meta":{"footnotes":""},"categories":[597,456],"tags":[19428],"class_list":["post-194602","post","type-post","status-publish","format-standard","has-post-thumbnail","","category-cinta-de-noticias","category-arabe-internacional-politica","tag-tres-palestinos-resultan-heridos-en-belen-por-asaltos-de-la-ocupacion-israeli"],"_links":{"self":[{"href":"https:\/\/archive.sana.sy\/es\/index.php?rest_route=\/wp\/v2\/posts\/194602"}],"collection":[{"href":"https:\/\/archive.sana.sy\/es\/index.php?rest_route=\/wp\/v2\/posts"}],"about":[{"href":"https:\/\/archive.sana.sy\/es\/index.php?rest_route=\/wp\/v2\/types\/post"}],"author":[{"embeddable":true,"href":"https:\/\/archive.sana.sy\/es\/index.php?rest_route=\/wp\/v2\/users\/30"}],"replies":[{"embeddable":true,"href":"https:\/\/archive.sana.sy\/es\/index.php?rest_route=%2Fwp%2Fv2%2Fcomments&post=194602"}],"version-history":[{"count":0,"href":"https:\/\/archive.sana.sy\/es\/index.php?rest_route=\/wp\/v2\/posts\/194602\/revisions"}],"wp:featuredmedia":[{"embeddable":true,"href":"https:\/\/archive.sana.sy\/es\/index.php?rest_route=\/wp\/v2\/media\/194603"}],"wp:attachment":[{"href":"https:\/\/archive.sana.sy\/es\/index.php?rest_route=%2Fwp%2Fv2%2Fmedia&parent=194602"}],"wp:term":[{"taxonomy":"category","embeddable":true,"href":"https:\/\/archive.sana.sy\/es\/index.php?rest_route=%2Fwp%2Fv2%2Fcategories&post=194602"},{"taxonomy":"post_tag","embeddable":true,"href":"https:\/\/archive.sana.sy\/es\/index.php?rest_route=%2Fwp%2Fv2%2Ftags&post=194602"}],"curies":[{"name":"wp","href":"https:\/\/api.w.org\/{rel}","templated":true}]}}