{"id":19481,"date":"2015-03-14T11:29:21","date_gmt":"2015-03-14T09:29:21","guid":{"rendered":"http:\/\/www.sana.sy\/es\/?p=19481"},"modified":"2015-03-14T17:36:35","modified_gmt":"2015-03-14T15:36:35","slug":"inaugurado-un-bazar-de-obras-artesanales-en-damasco-con-motivo-del-dia-de-la-madre","status":"publish","type":"post","link":"https:\/\/archive.sana.sy\/es\/?p=19481","title":{"rendered":"Inaugurado un bazar de obras artesanales en Damasco con motivo del D\u00eda de la Madre"},"content":{"rendered":"<p>Damasco, SANA<br \/>\nCon motivo del D\u00eda de la Madre (\u00e1rabe), la Asociaci\u00f3n \u201cMaured\u201d ha inaugurado este s\u00e1bado un bazar caritativo en el hotel de Dama Rose en Damasco, en cooperaci\u00f3n con el Ministerio de Asuntos Sociales y varias asociaciones civiles.<\/p>\n<p>El bazar que durar\u00e1 tres d\u00edas, incluir\u00e1 obras artesanales, de madera y de cera, accesorios, textiles y tapices tejidos a mano.<\/p>\n<p><img loading=\"lazy\" decoding=\"async\" class=\"aligncenter size-medium wp-image-19482\" src=\"http:\/\/www.sana.sy\/es\/wp-content\/uploads\/2015\/03\/Shammat-bazar-300x160.jpg\" alt=\"Shammat bazar\" width=\"300\" height=\"160\" srcset=\"https:\/\/archive.sana.sy\/es\/wp-content\/uploads\/2015\/03\/Shammat-bazar-300x160.jpg 300w, https:\/\/archive.sana.sy\/es\/wp-content\/uploads\/2015\/03\/Shammat-bazar-150x80.jpg 150w, https:\/\/archive.sana.sy\/es\/wp-content\/uploads\/2015\/03\/Shammat-bazar.jpg 620w\" sizes=\"(max-width: 300px) 100vw, 300px\" \/><\/p>\n<p>Al inaugurar el bazar, la ministra de Asuntos Sociales, Kinda al-Shammat se\u00f1al\u00f3 que el mismo se trata de una ocasi\u00f3n\u00a0para empoderar la mujer a fin de\u00a0ser capaz de participar en el proceso de producci\u00f3n, por lo tanto \u00a0ser la due\u00f1a de sus propios proyectos.<br \/>\nLynn A.<\/p>\n","protected":false},"excerpt":{"rendered":"<p>Damasco, SANA Con motivo del D\u00eda de la Madre (\u00e1rabe), la Asociaci\u00f3n \u201cMaured\u201d ha inaugurado este s\u00e1bado un bazar caritativo en el hotel de Dama Rose en Damasco, en cooperaci\u00f3n con el Ministerio de Asuntos Sociales y varias asociaciones civiles. El bazar que durar\u00e1 tres d\u00edas, incluir\u00e1 obras artesanales, de madera y de cera, accesorios, &hellip;<\/p>\n","protected":false},"author":24,"featured_media":19483,"comment_status":"closed","ping_status":"closed","sticky":false,"template":"","format":"standard","meta":{"footnotes":""},"categories":[510],"tags":[4420],"class_list":["post-19481","post","type-post","status-publish","format-standard","has-post-thumbnail","","category-arte-y-cultura","tag-inaugurado-un-bazar-de-obras-artesanales-en-damasco-con-motivo-del-dia-de-la-madre"],"_links":{"self":[{"href":"https:\/\/archive.sana.sy\/es\/index.php?rest_route=\/wp\/v2\/posts\/19481"}],"collection":[{"href":"https:\/\/archive.sana.sy\/es\/index.php?rest_route=\/wp\/v2\/posts"}],"about":[{"href":"https:\/\/archive.sana.sy\/es\/index.php?rest_route=\/wp\/v2\/types\/post"}],"author":[{"embeddable":true,"href":"https:\/\/archive.sana.sy\/es\/index.php?rest_route=\/wp\/v2\/users\/24"}],"replies":[{"embeddable":true,"href":"https:\/\/archive.sana.sy\/es\/index.php?rest_route=%2Fwp%2Fv2%2Fcomments&post=19481"}],"version-history":[{"count":0,"href":"https:\/\/archive.sana.sy\/es\/index.php?rest_route=\/wp\/v2\/posts\/19481\/revisions"}],"wp:featuredmedia":[{"embeddable":true,"href":"https:\/\/archive.sana.sy\/es\/index.php?rest_route=\/wp\/v2\/media\/19483"}],"wp:attachment":[{"href":"https:\/\/archive.sana.sy\/es\/index.php?rest_route=%2Fwp%2Fv2%2Fmedia&parent=19481"}],"wp:term":[{"taxonomy":"category","embeddable":true,"href":"https:\/\/archive.sana.sy\/es\/index.php?rest_route=%2Fwp%2Fv2%2Fcategories&post=19481"},{"taxonomy":"post_tag","embeddable":true,"href":"https:\/\/archive.sana.sy\/es\/index.php?rest_route=%2Fwp%2Fv2%2Ftags&post=19481"}],"curies":[{"name":"wp","href":"https:\/\/api.w.org\/{rel}","templated":true}]}}