{"id":194818,"date":"2021-08-28T20:33:05","date_gmt":"2021-08-28T17:33:05","guid":{"rendered":"http:\/\/107.6.182.27\/es\/?p=194818"},"modified":"2021-08-28T20:33:05","modified_gmt":"2021-08-28T17:33:05","slug":"embajada-siria-en-libano-desmiente-acusaciones-sobre-desaparicion-de-sirios","status":"publish","type":"post","link":"https:\/\/archive.sana.sy\/es\/?p=194818","title":{"rendered":"Embajada siria en L\u00edbano desmiente acusaciones sobre desaparici\u00f3n de sirios"},"content":{"rendered":"<p><span style=\"color: #800000;\">Beirut, SANA<\/span><\/p>\n<p style=\"text-align: justify;\">La Embajada siria en Beirut desminti\u00f3 las acusaciones circuladas en algunos sitios de redes sociales sobre la desaparici\u00f3n de \u201cactivistas sirios\u201d que entraron a la embajada y no salieron.<\/p>\n<p style=\"text-align: justify;\">La embajada exigi\u00f3 a los medios que verifiquen las noticias antes de difundirlas.<\/p>\n<p style=\"text-align: justify;\">La embajada asegur\u00f3 a los ciudadanos sirios y extranjeros que trabajar\u00e1 al m\u00e1ximo de sus capacidad para proporcionar asistencia y facilitaciones necesarias, y mantener su seguridad y protecci\u00f3n.<\/p>\n<p style=\"text-align: justify;\">Agradeci\u00f3 a las autoridades libanesas competentes por la protecci\u00f3n y la seguridad que presta a los ciudadanos sirios que visiten la embajada.<\/p>\n<p><span style=\"color: #0000ff;\">rr\/fm<\/span><\/p>\n","protected":false},"excerpt":{"rendered":"<p>Beirut, SANA La Embajada siria en Beirut desminti\u00f3 las acusaciones circuladas en algunos sitios de redes sociales sobre la desaparici\u00f3n de \u201cactivistas sirios\u201d que entraron a la embajada y no salieron. La embajada exigi\u00f3 a los medios que verifiquen las noticias antes de difundirlas. La embajada asegur\u00f3 a los ciudadanos sirios y extranjeros que trabajar\u00e1 &hellip;<\/p>\n","protected":false},"author":31,"featured_media":194819,"comment_status":"closed","ping_status":"closed","sticky":false,"template":"","format":"standard","meta":{"footnotes":""},"categories":[597,467],"tags":[],"class_list":["post-194818","post","type-post","status-publish","format-standard","has-post-thumbnail","","category-cinta-de-noticias","category-siria-y-el-mundo"],"_links":{"self":[{"href":"https:\/\/archive.sana.sy\/es\/index.php?rest_route=\/wp\/v2\/posts\/194818"}],"collection":[{"href":"https:\/\/archive.sana.sy\/es\/index.php?rest_route=\/wp\/v2\/posts"}],"about":[{"href":"https:\/\/archive.sana.sy\/es\/index.php?rest_route=\/wp\/v2\/types\/post"}],"author":[{"embeddable":true,"href":"https:\/\/archive.sana.sy\/es\/index.php?rest_route=\/wp\/v2\/users\/31"}],"replies":[{"embeddable":true,"href":"https:\/\/archive.sana.sy\/es\/index.php?rest_route=%2Fwp%2Fv2%2Fcomments&post=194818"}],"version-history":[{"count":0,"href":"https:\/\/archive.sana.sy\/es\/index.php?rest_route=\/wp\/v2\/posts\/194818\/revisions"}],"wp:featuredmedia":[{"embeddable":true,"href":"https:\/\/archive.sana.sy\/es\/index.php?rest_route=\/wp\/v2\/media\/194819"}],"wp:attachment":[{"href":"https:\/\/archive.sana.sy\/es\/index.php?rest_route=%2Fwp%2Fv2%2Fmedia&parent=194818"}],"wp:term":[{"taxonomy":"category","embeddable":true,"href":"https:\/\/archive.sana.sy\/es\/index.php?rest_route=%2Fwp%2Fv2%2Fcategories&post=194818"},{"taxonomy":"post_tag","embeddable":true,"href":"https:\/\/archive.sana.sy\/es\/index.php?rest_route=%2Fwp%2Fv2%2Ftags&post=194818"}],"curies":[{"name":"wp","href":"https:\/\/api.w.org\/{rel}","templated":true}]}}