{"id":194823,"date":"2021-08-28T20:34:17","date_gmt":"2021-08-28T17:34:17","guid":{"rendered":"http:\/\/107.6.182.27\/es\/?p=194823"},"modified":"2023-01-12T14:40:30","modified_gmt":"2023-01-12T12:40:30","slug":"ocupante-israeli-destruye-tres-casas-en-norte-de-jerusalen-ocupada","status":"publish","type":"post","link":"https:\/\/archive.sana.sy\/es\/?p=194823","title":{"rendered":"Ocupante israel\u00ed destruye tres casas en norte de Jerusal\u00e9n ocupada"},"content":{"rendered":"<p><span style=\"color: #800000;\">Jerusal\u00e9n ocupada, SANA<\/span><\/p>\n<p style=\"text-align: justify;\">Las fuerzas de la ocupaci\u00f3n israel\u00edes demolieron este s\u00e1bado tres viviendas en el norte de Jerusal\u00e9n ocupada.<\/p>\n<p style=\"text-align: justify;\">La agencia de noticias \u201cWafa\u201d inform\u00f3 que el ocupante israel\u00ed irrumpi\u00f3 el barrio de al-Alashqarieh en la localidad de Beit Hanina donde destruy\u00f3 las casas y desplaz\u00f3 a sus residentes.<\/p>\n<p style=\"text-align: justify;\">Las fuerzas de ocupaci\u00f3n sionista intensifican la demolici\u00f3n de viviendas y propiedades palestinas en Cisjordania, especialmente en Jerusal\u00e9n ocupada, en medio de un silencio de la comunidad internacional.<\/p>\n<p><span style=\"color: #0000ff;\">rr\/fm<\/span><\/p>\n","protected":false},"excerpt":{"rendered":"<p>Jerusal\u00e9n ocupada, SANA Las fuerzas de la ocupaci\u00f3n israel\u00edes demolieron este s\u00e1bado tres viviendas en el norte de Jerusal\u00e9n ocupada. La agencia de noticias \u201cWafa\u201d inform\u00f3 que el ocupante israel\u00ed irrumpi\u00f3 el barrio de al-Alashqarieh en la localidad de Beit Hanina donde destruy\u00f3 las casas y desplaz\u00f3 a sus residentes. Las fuerzas de ocupaci\u00f3n sionista &hellip;<\/p>\n","protected":false},"author":31,"featured_media":194824,"comment_status":"closed","ping_status":"closed","sticky":false,"template":"","format":"standard","meta":{"footnotes":""},"categories":[456],"tags":[],"class_list":["post-194823","post","type-post","status-publish","format-standard","has-post-thumbnail","","category-arabe-internacional-politica"],"_links":{"self":[{"href":"https:\/\/archive.sana.sy\/es\/index.php?rest_route=\/wp\/v2\/posts\/194823"}],"collection":[{"href":"https:\/\/archive.sana.sy\/es\/index.php?rest_route=\/wp\/v2\/posts"}],"about":[{"href":"https:\/\/archive.sana.sy\/es\/index.php?rest_route=\/wp\/v2\/types\/post"}],"author":[{"embeddable":true,"href":"https:\/\/archive.sana.sy\/es\/index.php?rest_route=\/wp\/v2\/users\/31"}],"replies":[{"embeddable":true,"href":"https:\/\/archive.sana.sy\/es\/index.php?rest_route=%2Fwp%2Fv2%2Fcomments&post=194823"}],"version-history":[{"count":0,"href":"https:\/\/archive.sana.sy\/es\/index.php?rest_route=\/wp\/v2\/posts\/194823\/revisions"}],"wp:featuredmedia":[{"embeddable":true,"href":"https:\/\/archive.sana.sy\/es\/index.php?rest_route=\/wp\/v2\/media\/194824"}],"wp:attachment":[{"href":"https:\/\/archive.sana.sy\/es\/index.php?rest_route=%2Fwp%2Fv2%2Fmedia&parent=194823"}],"wp:term":[{"taxonomy":"category","embeddable":true,"href":"https:\/\/archive.sana.sy\/es\/index.php?rest_route=%2Fwp%2Fv2%2Fcategories&post=194823"},{"taxonomy":"post_tag","embeddable":true,"href":"https:\/\/archive.sana.sy\/es\/index.php?rest_route=%2Fwp%2Fv2%2Ftags&post=194823"}],"curies":[{"name":"wp","href":"https:\/\/api.w.org\/{rel}","templated":true}]}}