{"id":194869,"date":"2021-08-29T10:44:14","date_gmt":"2021-08-29T07:44:14","guid":{"rendered":"http:\/\/107.6.182.27\/es\/?p=194869"},"modified":"2023-01-12T14:40:30","modified_gmt":"2023-01-12T12:40:30","slug":"estados-unidos-dejo-gran-cantidad-de-armamento-de-alta-precision-en-afganistan","status":"publish","type":"post","link":"https:\/\/archive.sana.sy\/es\/?p=194869","title":{"rendered":"Estados Unidos dej\u00f3 gran cantidad de armamento de alta precisi\u00f3n en Afganist\u00e1n"},"content":{"rendered":"<p style=\"text-align: justify;\"><span style=\"color: #800000;\"><strong>Mosc\u00fa, SANA<\/strong><\/span><\/p>\n<p style=\"text-align: justify;\">El ministro de Defensa ruso, Sergei Shoigu, advirti\u00f3 este domingo que el ej\u00e9rcito estadounidense dej\u00f3 una gran cantidad de armamento de alta precisi\u00f3n en Afganist\u00e1n.<\/p>\n<p style=\"text-align: justify;\">Shoigu dijo al canal Solovyov Live, seg\u00fan inform\u00f3 Russia Today, que los estadounidenses &#8220;dejaron una gran cantidad de armas port\u00e1tiles de alta precisi\u00f3n como los sistemas de defensa a\u00e9rea y proyectiles antitanque&#8221;.<\/p>\n<p style=\"text-align: justify;\">Shoigu explic\u00f3 que el Ministerio de Defensa ruso est\u00e1 trabajando para analizar y evaluar los riesgos y amenazas en Afganist\u00e1n.<\/p>\n<p style=\"text-align: justify;\"><strong><span style=\"color: #0000ff;\">ed\/fm<\/span><\/strong><\/p>\n","protected":false},"excerpt":{"rendered":"<p>Mosc\u00fa, SANA El ministro de Defensa ruso, Sergei Shoigu, advirti\u00f3 este domingo que el ej\u00e9rcito estadounidense dej\u00f3 una gran cantidad de armamento de alta precisi\u00f3n en Afganist\u00e1n. Shoigu dijo al canal Solovyov Live, seg\u00fan inform\u00f3 Russia Today, que los estadounidenses &#8220;dejaron una gran cantidad de armas port\u00e1tiles de alta precisi\u00f3n como los sistemas de defensa &hellip;<\/p>\n","protected":false},"author":32,"featured_media":194870,"comment_status":"closed","ping_status":"closed","sticky":false,"template":"","format":"standard","meta":{"footnotes":""},"categories":[597,456,7541],"tags":[],"class_list":["post-194869","post","type-post","status-publish","format-standard","has-post-thumbnail","","category-cinta-de-noticias","category-arabe-internacional-politica","category-ultimas-noticias"],"_links":{"self":[{"href":"https:\/\/archive.sana.sy\/es\/index.php?rest_route=\/wp\/v2\/posts\/194869"}],"collection":[{"href":"https:\/\/archive.sana.sy\/es\/index.php?rest_route=\/wp\/v2\/posts"}],"about":[{"href":"https:\/\/archive.sana.sy\/es\/index.php?rest_route=\/wp\/v2\/types\/post"}],"author":[{"embeddable":true,"href":"https:\/\/archive.sana.sy\/es\/index.php?rest_route=\/wp\/v2\/users\/32"}],"replies":[{"embeddable":true,"href":"https:\/\/archive.sana.sy\/es\/index.php?rest_route=%2Fwp%2Fv2%2Fcomments&post=194869"}],"version-history":[{"count":0,"href":"https:\/\/archive.sana.sy\/es\/index.php?rest_route=\/wp\/v2\/posts\/194869\/revisions"}],"wp:featuredmedia":[{"embeddable":true,"href":"https:\/\/archive.sana.sy\/es\/index.php?rest_route=\/wp\/v2\/media\/194870"}],"wp:attachment":[{"href":"https:\/\/archive.sana.sy\/es\/index.php?rest_route=%2Fwp%2Fv2%2Fmedia&parent=194869"}],"wp:term":[{"taxonomy":"category","embeddable":true,"href":"https:\/\/archive.sana.sy\/es\/index.php?rest_route=%2Fwp%2Fv2%2Fcategories&post=194869"},{"taxonomy":"post_tag","embeddable":true,"href":"https:\/\/archive.sana.sy\/es\/index.php?rest_route=%2Fwp%2Fv2%2Ftags&post=194869"}],"curies":[{"name":"wp","href":"https:\/\/api.w.org\/{rel}","templated":true}]}}