{"id":194886,"date":"2021-08-29T13:57:07","date_gmt":"2021-08-29T10:57:07","guid":{"rendered":"http:\/\/107.6.182.27\/es\/?p=194886"},"modified":"2023-01-10T14:26:40","modified_gmt":"2023-01-10T12:26:40","slug":"ataque-terrorista-en-deraa-mata-a-un-policia-e-hiere-a-otros-dos","status":"publish","type":"post","link":"https:\/\/archive.sana.sy\/es\/?p=194886","title":{"rendered":"Ataque terrorista en Deraa mata a un polic\u00eda e hiere a otros dos"},"content":{"rendered":"<p style=\"text-align: justify;\"><span style=\"color: #800000;\"><strong>Deraa, SANA<\/strong><\/span><\/p>\n<p style=\"text-align: justify;\">Un polic\u00eda perdi\u00f3 la vida y otros dos resultaron heridos por el impacto de un cohete disparada por los grupos terroristas atrincherados en la zona de Deraa al-Balad.<\/p>\n<p style=\"text-align: justify;\">El comandante de Polic\u00eda de la provincia de Deraa, el general de brigada Dirar Dandel, dijo al corresponsal de SANA que \u201clos terroristas dispararon un cohete contra al terminal de \u00f3mnibus en la entrada de la ciudad de Deraa, lo que provoc\u00f3 la muerte de un integrante de las Fuerzas de Seguridad Interna y lesiones a otros dos&#8221;.<\/p>\n<p style=\"text-align: justify;\">La v\u00edspera, dos ni\u00f1os perdieron la vida y sus tres hermanos y su madre resultaron heridos por el impacto de un proyectil de mortero disparados por terroristas contra su casa en la ciudad de Qarfa en el norte de la provincia de Deraa.<\/p>\n<p style=\"text-align: justify;\">Los remanentes terroristas contin\u00faan sus ataques contra barrios residenciales y puntos del Ej\u00e9rcito \u00c1rabe Sirio en algunas zonas de Deraa, mientras que el ej\u00e9rcito envi\u00f3 refuerzos militares para acabar con el caos y la presencia terrorista en algunas zonas de la provincia.<\/p>\n<p style=\"text-align: justify;\"><strong><span style=\"color: #0000ff;\">fm\/ed<\/span><\/strong><\/p>\n","protected":false},"excerpt":{"rendered":"<p>Deraa, SANA Un polic\u00eda perdi\u00f3 la vida y otros dos resultaron heridos por el impacto de un cohete disparada por los grupos terroristas atrincherados en la zona de Deraa al-Balad. El comandante de Polic\u00eda de la provincia de Deraa, el general de brigada Dirar Dandel, dijo al corresponsal de SANA que \u201clos terroristas dispararon un &hellip;<\/p>\n","protected":false},"author":32,"featured_media":194887,"comment_status":"closed","ping_status":"closed","sticky":false,"template":"","format":"standard","meta":{"footnotes":""},"categories":[477,447,597,476,7541],"tags":[],"class_list":["post-194886","post","type-post","status-publish","format-standard","has-post-thumbnail","","category-noticias-edulcorantes","category-local-politica","category-cinta-de-noticias","category-locales","category-ultimas-noticias"],"_links":{"self":[{"href":"https:\/\/archive.sana.sy\/es\/index.php?rest_route=\/wp\/v2\/posts\/194886"}],"collection":[{"href":"https:\/\/archive.sana.sy\/es\/index.php?rest_route=\/wp\/v2\/posts"}],"about":[{"href":"https:\/\/archive.sana.sy\/es\/index.php?rest_route=\/wp\/v2\/types\/post"}],"author":[{"embeddable":true,"href":"https:\/\/archive.sana.sy\/es\/index.php?rest_route=\/wp\/v2\/users\/32"}],"replies":[{"embeddable":true,"href":"https:\/\/archive.sana.sy\/es\/index.php?rest_route=%2Fwp%2Fv2%2Fcomments&post=194886"}],"version-history":[{"count":0,"href":"https:\/\/archive.sana.sy\/es\/index.php?rest_route=\/wp\/v2\/posts\/194886\/revisions"}],"wp:featuredmedia":[{"embeddable":true,"href":"https:\/\/archive.sana.sy\/es\/index.php?rest_route=\/wp\/v2\/media\/194887"}],"wp:attachment":[{"href":"https:\/\/archive.sana.sy\/es\/index.php?rest_route=%2Fwp%2Fv2%2Fmedia&parent=194886"}],"wp:term":[{"taxonomy":"category","embeddable":true,"href":"https:\/\/archive.sana.sy\/es\/index.php?rest_route=%2Fwp%2Fv2%2Fcategories&post=194886"},{"taxonomy":"post_tag","embeddable":true,"href":"https:\/\/archive.sana.sy\/es\/index.php?rest_route=%2Fwp%2Fv2%2Ftags&post=194886"}],"curies":[{"name":"wp","href":"https:\/\/api.w.org\/{rel}","templated":true}]}}