{"id":194891,"date":"2021-08-29T14:58:53","date_gmt":"2021-08-29T11:58:53","guid":{"rendered":"http:\/\/107.6.182.27\/es\/?p=194891"},"modified":"2021-08-29T14:58:53","modified_gmt":"2021-08-29T11:58:53","slug":"ocupante-turco-y-sus-mercenarios-bombardean-localidad-siria","status":"publish","type":"post","link":"https:\/\/archive.sana.sy\/es\/?p=194891","title":{"rendered":"Ocupante turco y sus mercenarios bombardean localidad siria"},"content":{"rendered":"<p style=\"text-align: justify;\"><span style=\"color: #800000;\"><strong>Hasakeh, SANA<\/strong><\/span><\/p>\n<p style=\"text-align: justify;\">Las fuerzas de ocupaci\u00f3n turcas bombardearon la aldea de Tal Tawel ubicada en el \u00e1rea de Tel Tamer en el noroeste de la provincia nororiental de Hasakeh.<\/p>\n<p style=\"text-align: justify;\">Activistas locales informaron a SANA que las tropas turcas que ocupan las localidades de Tal Mandal y al-Suda bombardearon a Tal Tawil lo que caus\u00f3 da\u00f1os materiales en las propiedades, sin registrar bajas humanas o heridos.<\/p>\n<p style=\"text-align: justify;\">El pasado d\u00eda 17 de agosto, una mujer perdi\u00f3 su vida y varios civiles resultaron heridos en semejantes ataques con decenas de cohetes y proyectiles de artiller\u00eda contra la ciudad de Abu Rasin.<\/p>\n<p style=\"text-align: justify;\"><strong>ed\/fm<\/strong><\/p>\n","protected":false},"excerpt":{"rendered":"<p>Hasakeh, SANA Las fuerzas de ocupaci\u00f3n turcas bombardearon la aldea de Tal Tawel ubicada en el \u00e1rea de Tel Tamer en el noroeste de la provincia nororiental de Hasakeh. Activistas locales informaron a SANA que las tropas turcas que ocupan las localidades de Tal Mandal y al-Suda bombardearon a Tal Tawil lo que caus\u00f3 da\u00f1os &hellip;<\/p>\n","protected":false},"author":32,"featured_media":193882,"comment_status":"closed","ping_status":"closed","sticky":false,"template":"","format":"standard","meta":{"footnotes":""},"categories":[477,597,573,476,7541],"tags":[],"class_list":["post-194891","post","type-post","status-publish","format-standard","has-post-thumbnail","","category-noticias-edulcorantes","category-cinta-de-noticias","category-la-realidad-de-los-acontecimientos-en-siria","category-locales","category-ultimas-noticias"],"_links":{"self":[{"href":"https:\/\/archive.sana.sy\/es\/index.php?rest_route=\/wp\/v2\/posts\/194891"}],"collection":[{"href":"https:\/\/archive.sana.sy\/es\/index.php?rest_route=\/wp\/v2\/posts"}],"about":[{"href":"https:\/\/archive.sana.sy\/es\/index.php?rest_route=\/wp\/v2\/types\/post"}],"author":[{"embeddable":true,"href":"https:\/\/archive.sana.sy\/es\/index.php?rest_route=\/wp\/v2\/users\/32"}],"replies":[{"embeddable":true,"href":"https:\/\/archive.sana.sy\/es\/index.php?rest_route=%2Fwp%2Fv2%2Fcomments&post=194891"}],"version-history":[{"count":0,"href":"https:\/\/archive.sana.sy\/es\/index.php?rest_route=\/wp\/v2\/posts\/194891\/revisions"}],"wp:featuredmedia":[{"embeddable":true,"href":"https:\/\/archive.sana.sy\/es\/index.php?rest_route=\/wp\/v2\/media\/193882"}],"wp:attachment":[{"href":"https:\/\/archive.sana.sy\/es\/index.php?rest_route=%2Fwp%2Fv2%2Fmedia&parent=194891"}],"wp:term":[{"taxonomy":"category","embeddable":true,"href":"https:\/\/archive.sana.sy\/es\/index.php?rest_route=%2Fwp%2Fv2%2Fcategories&post=194891"},{"taxonomy":"post_tag","embeddable":true,"href":"https:\/\/archive.sana.sy\/es\/index.php?rest_route=%2Fwp%2Fv2%2Ftags&post=194891"}],"curies":[{"name":"wp","href":"https:\/\/api.w.org\/{rel}","templated":true}]}}