{"id":195106,"date":"2021-08-30T20:59:04","date_gmt":"2021-08-30T17:59:04","guid":{"rendered":"http:\/\/107.6.182.27\/es\/?p=195106"},"modified":"2021-08-30T20:59:04","modified_gmt":"2021-08-30T17:59:04","slug":"mueren-cuatro-soldados-en-ataques-terroristas-contra-puntos-militares-en-deraa","status":"publish","type":"post","link":"https:\/\/archive.sana.sy\/es\/?p=195106","title":{"rendered":"Mueren cuatro soldados en ataques terroristas contra puntos militares en Deraa"},"content":{"rendered":"<p style=\"text-align: justify;\"><span style=\"color: #800000;\">Deraa, SANA<\/span><\/p>\n<p style=\"text-align: justify;\">Cuatro soldados cayeron m\u00e1rtires y otros 15 resultaron heridos por ataques terroristas contra puntos de control del Ej\u00e9rcito sirio en la provincia de Deraa, inform\u00f3 la corresponsal de SANA.<\/p>\n<p style=\"text-align: justify;\">Agreg\u00f3 que los ataques terroristas apuntaron tambi\u00e9n contra los barrios residenciales en la cabecera provincial Deraa provocando lesiones a una ni\u00f1a y su madre.<\/p>\n<p style=\"text-align: justify;\">\u201cEl ej\u00e9rcito respondi\u00f3 de inmediato a los ataques con bombardear las plataformas de lanzacohetes de los radicales\u201d, indic\u00f3.<\/p>\n<p style=\"text-align: justify;\">Los remanentes de los grupos terroristas en algunas zonas de Deraa obstaculizan todos los esfuerzos de reconciliaci\u00f3n realizados por el Estado para restablecer la seguridad en toda la gobernaci\u00f3n sure\u00f1a.<\/p>\n<p style=\"text-align: justify;\"><span style=\"color: #0000ff;\">rr\/fm<\/span><\/p>\n","protected":false},"excerpt":{"rendered":"<p>Deraa, SANA Cuatro soldados cayeron m\u00e1rtires y otros 15 resultaron heridos por ataques terroristas contra puntos de control del Ej\u00e9rcito sirio en la provincia de Deraa, inform\u00f3 la corresponsal de SANA. Agreg\u00f3 que los ataques terroristas apuntaron tambi\u00e9n contra los barrios residenciales en la cabecera provincial Deraa provocando lesiones a una ni\u00f1a y su madre. &hellip;<\/p>\n","protected":false},"author":31,"featured_media":195107,"comment_status":"closed","ping_status":"closed","sticky":false,"template":"","format":"standard","meta":{"footnotes":""},"categories":[597,573,476,583],"tags":[],"class_list":["post-195106","post","type-post","status-publish","format-standard","has-post-thumbnail","","category-cinta-de-noticias","category-la-realidad-de-los-acontecimientos-en-siria","category-locales","category-slide"],"_links":{"self":[{"href":"https:\/\/archive.sana.sy\/es\/index.php?rest_route=\/wp\/v2\/posts\/195106"}],"collection":[{"href":"https:\/\/archive.sana.sy\/es\/index.php?rest_route=\/wp\/v2\/posts"}],"about":[{"href":"https:\/\/archive.sana.sy\/es\/index.php?rest_route=\/wp\/v2\/types\/post"}],"author":[{"embeddable":true,"href":"https:\/\/archive.sana.sy\/es\/index.php?rest_route=\/wp\/v2\/users\/31"}],"replies":[{"embeddable":true,"href":"https:\/\/archive.sana.sy\/es\/index.php?rest_route=%2Fwp%2Fv2%2Fcomments&post=195106"}],"version-history":[{"count":0,"href":"https:\/\/archive.sana.sy\/es\/index.php?rest_route=\/wp\/v2\/posts\/195106\/revisions"}],"wp:featuredmedia":[{"embeddable":true,"href":"https:\/\/archive.sana.sy\/es\/index.php?rest_route=\/wp\/v2\/media\/195107"}],"wp:attachment":[{"href":"https:\/\/archive.sana.sy\/es\/index.php?rest_route=%2Fwp%2Fv2%2Fmedia&parent=195106"}],"wp:term":[{"taxonomy":"category","embeddable":true,"href":"https:\/\/archive.sana.sy\/es\/index.php?rest_route=%2Fwp%2Fv2%2Fcategories&post=195106"},{"taxonomy":"post_tag","embeddable":true,"href":"https:\/\/archive.sana.sy\/es\/index.php?rest_route=%2Fwp%2Fv2%2Ftags&post=195106"}],"curies":[{"name":"wp","href":"https:\/\/api.w.org\/{rel}","templated":true}]}}