{"id":195303,"date":"2021-09-01T18:31:21","date_gmt":"2021-09-01T15:31:21","guid":{"rendered":"http:\/\/107.6.182.27\/es\/?p=195303"},"modified":"2021-09-01T20:04:12","modified_gmt":"2021-09-01T17:04:12","slug":"hasta-la-fecha-no-se-han-detectado-casos-de-covid-19-variante-delta-en-siria-confirma-ministerio-de-salud","status":"publish","type":"post","link":"https:\/\/archive.sana.sy\/es\/?p=195303","title":{"rendered":"Hasta la fecha no se ha detectado ning\u00fan caso con variante delta en Siria, confirma Ministerio de Salud"},"content":{"rendered":"<p style=\"text-align: justify\"><span style=\"color: #800000\">Damasco, SANA<\/span><\/p>\n<p style=\"text-align: justify\">Las infecciones confirmadas del covid-19 han registrado un claro aumento en agosto, 4.4 veces m\u00e1s que el mes anterior, ya que el Ministerio de Salud report\u00f3 en el mes pasado 1.950 contagios en varias provincias, en comparaci\u00f3n con los 448 en julio.<\/p>\n<p style=\"text-align: justify\">Alepo ocup\u00f3 el primer lugar respecto al n\u00famero de los contagiados, luego Damasco seguida por Latakia, debido a la alta densidad de poblaci\u00f3n y las amplias actividades sociales que presencian dichas provincias, seg\u00fan el Director de Alerta, Ambulancias y Emergencias del Ministerio de Salud, Dr. Tawfik Hasaba.<\/p>\n<p style=\"text-align: justify\">Dr. Hasaba explic\u00f3 que los casos aceptados en todos los hospitales pasaron de 98 en fecha del 21 de julio a 837 en el 24 de agosto pasado.<\/p>\n<p style=\"text-align: justify\">Asegur\u00f3 que la cifra de decesos por la pandemia se encuentra dentro de sus niveles normales y es 50% menos a comparaci\u00f3n compar\u00e1ndola con la ola anterior.<\/p>\n<p style=\"text-align: justify\">En cuanto al registro de contagios por el covid-19 delta, Hasaba explic\u00f3 que los an\u00e1lisis necesarios para detectar esta variante no existen en Siria, sin embargo, se enviaron muestras a trav\u00e9s de la Organizaci\u00f3n Mundial de la Salud para ser examinadas, y dieron negativo.<\/p>\n<p style=\"text-align: justify\"><span style=\"color: #0000ff\"><em><strong>la<\/strong><\/em><\/span><\/p>\n","protected":false},"excerpt":{"rendered":"<p>Damasco, SANA Las infecciones confirmadas del covid-19 han registrado un claro aumento en agosto, 4.4 veces m\u00e1s que el mes anterior, ya que el Ministerio de Salud report\u00f3 en el mes pasado 1.950 contagios en varias provincias, en comparaci\u00f3n con los 448 en julio. Alepo ocup\u00f3 el primer lugar respecto al n\u00famero de los contagiados, &hellip;<\/p>\n","protected":false},"author":24,"featured_media":195305,"comment_status":"closed","ping_status":"closed","sticky":false,"template":"","format":"standard","meta":{"footnotes":""},"categories":[597,476,7541],"tags":[],"class_list":["post-195303","post","type-post","status-publish","format-standard","has-post-thumbnail","","category-cinta-de-noticias","category-locales","category-ultimas-noticias"],"_links":{"self":[{"href":"https:\/\/archive.sana.sy\/es\/index.php?rest_route=\/wp\/v2\/posts\/195303"}],"collection":[{"href":"https:\/\/archive.sana.sy\/es\/index.php?rest_route=\/wp\/v2\/posts"}],"about":[{"href":"https:\/\/archive.sana.sy\/es\/index.php?rest_route=\/wp\/v2\/types\/post"}],"author":[{"embeddable":true,"href":"https:\/\/archive.sana.sy\/es\/index.php?rest_route=\/wp\/v2\/users\/24"}],"replies":[{"embeddable":true,"href":"https:\/\/archive.sana.sy\/es\/index.php?rest_route=%2Fwp%2Fv2%2Fcomments&post=195303"}],"version-history":[{"count":0,"href":"https:\/\/archive.sana.sy\/es\/index.php?rest_route=\/wp\/v2\/posts\/195303\/revisions"}],"wp:featuredmedia":[{"embeddable":true,"href":"https:\/\/archive.sana.sy\/es\/index.php?rest_route=\/wp\/v2\/media\/195305"}],"wp:attachment":[{"href":"https:\/\/archive.sana.sy\/es\/index.php?rest_route=%2Fwp%2Fv2%2Fmedia&parent=195303"}],"wp:term":[{"taxonomy":"category","embeddable":true,"href":"https:\/\/archive.sana.sy\/es\/index.php?rest_route=%2Fwp%2Fv2%2Fcategories&post=195303"},{"taxonomy":"post_tag","embeddable":true,"href":"https:\/\/archive.sana.sy\/es\/index.php?rest_route=%2Fwp%2Fv2%2Ftags&post=195303"}],"curies":[{"name":"wp","href":"https:\/\/api.w.org\/{rel}","templated":true}]}}