{"id":195308,"date":"2021-09-01T19:57:47","date_gmt":"2021-09-01T16:57:47","guid":{"rendered":"http:\/\/107.6.182.27\/es\/?p=195308"},"modified":"2023-01-10T15:13:48","modified_gmt":"2023-01-10T13:13:48","slug":"180-empresas-nacionales-participan-manana-en-la-feria-de-vestimenta-made-in-syria-2021-2022","status":"publish","type":"post","link":"https:\/\/archive.sana.sy\/es\/?p=195308","title":{"rendered":"180 empresas nacionales participan ma\u00f1ana en feria de vestimenta \u201cMade in Syria\u201d 2021-2022"},"content":{"rendered":"<p style=\"text-align: justify\"><span style=\"color: #800000\">Damasco, SANA<\/span><\/p>\n<p style=\"text-align: justify\">M\u00e1s de 180 empresas nacionales participar\u00e1n ma\u00f1ana el jueves en la exposici\u00f3n \u201cMade in Syria\u201d (Hecho en Siria) para prendas de vestir y textiles temporada oto\u00f1o e invierno 2021-2022.<\/p>\n<p style=\"text-align: justify\">El evento se desarrollar\u00e1 en la ciudad ferial de Damasco y durar\u00e1 cuatro d\u00edas, seg\u00fan informaci\u00f3n facilitada por el miembro del comit\u00e9 organizador, Mohamad Zezan.<\/p>\n<p style=\"text-align: justify\">Las empresas participantes se especializan en ropa de hombres, ni\u00f1os y mujeres, lencer\u00eda de algod\u00f3n y tejidos, calidad destinada a la exportaci\u00f3n, y son de varias provincias, especialmente de Alepo y Damasco, se\u00f1al\u00f3.<\/p>\n<p style=\"text-align: justify\">Subray\u00f3 que la entidad organizadora dirigi\u00f3 invitaciones a cientos de empresarios sirios y extranjeros, en particular Irak, con el fin de concretar acuerdos y contratos para la exportaci\u00f3n de productos textiles sirios.<\/p>\n<p style=\"text-align: justify\"><span style=\"color: #0000ff\"><em><strong>la<\/strong><\/em><\/span><\/p>\n","protected":false},"excerpt":{"rendered":"<p>Damasco, SANA M\u00e1s de 180 empresas nacionales participar\u00e1n ma\u00f1ana el jueves en la exposici\u00f3n \u201cMade in Syria\u201d (Hecho en Siria) para prendas de vestir y textiles temporada oto\u00f1o e invierno 2021-2022. El evento se desarrollar\u00e1 en la ciudad ferial de Damasco y durar\u00e1 cuatro d\u00edas, seg\u00fan informaci\u00f3n facilitada por el miembro del comit\u00e9 organizador, Mohamad &hellip;<\/p>\n","protected":false},"author":24,"featured_media":195309,"comment_status":"closed","ping_status":"closed","sticky":false,"template":"","format":"standard","meta":{"footnotes":""},"categories":[597,16686,485],"tags":[],"class_list":["post-195308","post","type-post","status-publish","format-standard","has-post-thumbnail","","category-cinta-de-noticias","category-economia","category-informes-negocios-y-finanzas"],"_links":{"self":[{"href":"https:\/\/archive.sana.sy\/es\/index.php?rest_route=\/wp\/v2\/posts\/195308"}],"collection":[{"href":"https:\/\/archive.sana.sy\/es\/index.php?rest_route=\/wp\/v2\/posts"}],"about":[{"href":"https:\/\/archive.sana.sy\/es\/index.php?rest_route=\/wp\/v2\/types\/post"}],"author":[{"embeddable":true,"href":"https:\/\/archive.sana.sy\/es\/index.php?rest_route=\/wp\/v2\/users\/24"}],"replies":[{"embeddable":true,"href":"https:\/\/archive.sana.sy\/es\/index.php?rest_route=%2Fwp%2Fv2%2Fcomments&post=195308"}],"version-history":[{"count":0,"href":"https:\/\/archive.sana.sy\/es\/index.php?rest_route=\/wp\/v2\/posts\/195308\/revisions"}],"wp:featuredmedia":[{"embeddable":true,"href":"https:\/\/archive.sana.sy\/es\/index.php?rest_route=\/wp\/v2\/media\/195309"}],"wp:attachment":[{"href":"https:\/\/archive.sana.sy\/es\/index.php?rest_route=%2Fwp%2Fv2%2Fmedia&parent=195308"}],"wp:term":[{"taxonomy":"category","embeddable":true,"href":"https:\/\/archive.sana.sy\/es\/index.php?rest_route=%2Fwp%2Fv2%2Fcategories&post=195308"},{"taxonomy":"post_tag","embeddable":true,"href":"https:\/\/archive.sana.sy\/es\/index.php?rest_route=%2Fwp%2Fv2%2Ftags&post=195308"}],"curies":[{"name":"wp","href":"https:\/\/api.w.org\/{rel}","templated":true}]}}