{"id":195321,"date":"2021-09-02T06:30:50","date_gmt":"2021-09-02T03:30:50","guid":{"rendered":"http:\/\/107.6.182.27\/es\/?p=195321"},"modified":"2023-01-10T14:26:34","modified_gmt":"2023-01-10T12:26:34","slug":"siria-confirma-cinco-nuevos-decesos-por-covid-19","status":"publish","type":"post","link":"https:\/\/archive.sana.sy\/es\/?p=195321","title":{"rendered":"Siria confirma cinco nuevos decesos por Covid-19"},"content":{"rendered":"<p style=\"text-align: justify;\"><strong><span style=\"color: #800000;\">Damasco, SANA<\/span><\/strong><\/p>\n<p style=\"text-align: justify;\">Siria report\u00f3 130 nuevas infecciones por el nuevo Coronavirus durante la \u00faltima jornada, mientras 20 se recuperaron y cinco fallecieron por el virus.<\/p>\n<p style=\"text-align: justify;\">Seg\u00fan inform\u00f3 una nota del Ministerio de Salud, la cifra de contagiados a nivel nacional ascendi\u00f3 a 28.0455 incluidos 22.491 recuperados, mientras la cifra de muertos se elev\u00f3 a 2,018.<\/p>\n<p style=\"text-align: justify;\">Con 35 casos confirmados, Latakia encabeza las provincias sirias con m\u00e1s nuevos contagios, le sigue Damasco con 31 y Alepo con 28.<\/p>\n<p style=\"text-align: justify;\">Siria report\u00f3 el primer caso del nuevo Coronavirus el 22 de marzo del a\u00f1o pasado.<\/p>\n<p style=\"text-align: justify;\"><span style=\"color: #0000ff;\"><strong>fm<\/strong><\/span><\/p>\n","protected":false},"excerpt":{"rendered":"<p>Damasco, SANA Siria report\u00f3 130 nuevas infecciones por el nuevo Coronavirus durante la \u00faltima jornada, mientras 20 se recuperaron y cinco fallecieron por el virus. Seg\u00fan inform\u00f3 una nota del Ministerio de Salud, la cifra de contagiados a nivel nacional ascendi\u00f3 a 28.0455 incluidos 22.491 recuperados, mientras la cifra de muertos se elev\u00f3 a 2,018. &hellip;<\/p>\n","protected":false},"author":34,"featured_media":195322,"comment_status":"closed","ping_status":"closed","sticky":false,"template":"","format":"standard","meta":{"footnotes":""},"categories":[447,477,597,476,457,7541],"tags":[],"class_list":["post-195321","post","type-post","status-publish","format-standard","has-post-thumbnail","","category-local-politica","category-noticias-edulcorantes","category-cinta-de-noticias","category-locales","category-noticias-arabe-internacional-politica","category-ultimas-noticias"],"_links":{"self":[{"href":"https:\/\/archive.sana.sy\/es\/index.php?rest_route=\/wp\/v2\/posts\/195321"}],"collection":[{"href":"https:\/\/archive.sana.sy\/es\/index.php?rest_route=\/wp\/v2\/posts"}],"about":[{"href":"https:\/\/archive.sana.sy\/es\/index.php?rest_route=\/wp\/v2\/types\/post"}],"author":[{"embeddable":true,"href":"https:\/\/archive.sana.sy\/es\/index.php?rest_route=\/wp\/v2\/users\/34"}],"replies":[{"embeddable":true,"href":"https:\/\/archive.sana.sy\/es\/index.php?rest_route=%2Fwp%2Fv2%2Fcomments&post=195321"}],"version-history":[{"count":0,"href":"https:\/\/archive.sana.sy\/es\/index.php?rest_route=\/wp\/v2\/posts\/195321\/revisions"}],"wp:featuredmedia":[{"embeddable":true,"href":"https:\/\/archive.sana.sy\/es\/index.php?rest_route=\/wp\/v2\/media\/195322"}],"wp:attachment":[{"href":"https:\/\/archive.sana.sy\/es\/index.php?rest_route=%2Fwp%2Fv2%2Fmedia&parent=195321"}],"wp:term":[{"taxonomy":"category","embeddable":true,"href":"https:\/\/archive.sana.sy\/es\/index.php?rest_route=%2Fwp%2Fv2%2Fcategories&post=195321"},{"taxonomy":"post_tag","embeddable":true,"href":"https:\/\/archive.sana.sy\/es\/index.php?rest_route=%2Fwp%2Fv2%2Ftags&post=195321"}],"curies":[{"name":"wp","href":"https:\/\/api.w.org\/{rel}","templated":true}]}}