{"id":195373,"date":"2021-09-02T19:00:50","date_gmt":"2021-09-02T16:00:50","guid":{"rendered":"http:\/\/107.6.182.27\/es\/?p=195373"},"modified":"2021-09-02T20:56:48","modified_gmt":"2021-09-02T17:56:48","slug":"mas-de-200-armados-se-entregaron-en-deraa-y-el-proceso-continua","status":"publish","type":"post","link":"https:\/\/archive.sana.sy\/es\/?p=195373","title":{"rendered":"M\u00e1s de 200 armados se entregaron en Deraa, y el proceso contin\u00faa"},"content":{"rendered":"<p style=\"text-align: justify;\"><span style=\"color: #800000;\"><strong>Deraa, SANA<\/strong><\/span><\/p>\n<p style=\"text-align: justify;\">Los armados contin\u00faan hoy la entrega de sus armas en el centro de reconciliaci\u00f3n creado en la Comisar\u00eda de Polic\u00eda en el barrio al-Mahata en la cabecera provincial Deraa, donde se indulta a los armados que entregan sus armas voluntariamente.<\/p>\n<p style=\"text-align: justify;\">Seg\u00fan reportes del corresponsal de SANA, por segundo d\u00eda consecutivo, continua el proceso de deponer el armamento por parte de los terroristas, en cumplimiento del acuerdo de soluci\u00f3n pac\u00edfica propuesto por el Estado y encaminado a expulsar a los terroristas y restablecer la estabilidad en todas las partes de la provincia.<\/p>\n<p style=\"text-align: justify;\">El corresponsal indic\u00f3 que se abrir\u00e1n varios centros de reconciliaci\u00f3n en varias zonas, en preparaci\u00f3n para el despliegue de unidades del ej\u00e9rcito y el regreso de las instituciones estatales a todos los barrios de Deraa.<\/p>\n<p style=\"text-align: justify;\">En la v\u00edspera, se indultaron 209 armados en el centro de reconciliaci\u00f3n en el barrio de al-Arbaeyeen en Deraa al-Balad.<\/p>\n<p style=\"text-align: justify;\">El Estado sirio trabaj\u00f3 durante varias semanas por todos los medios para consolidar la seguridad en Daraa y para dar prioridad a las soluciones pac\u00edficas con el fin de preservar la vida de los civiles y evitar destrucci\u00f3n en las infraestructuras de servicios.<\/p>\n<p style=\"text-align: justify;\"><strong><span style=\"color: #0000ff;\">fm\/ed<\/span><\/strong><\/p>\n<div id='gallery-1' class='gallery galleryid-195373 gallery-columns-1 gallery-size-full'><figure class='gallery-item'>\n\t\t\t<div class='gallery-icon landscape'>\n\t\t\t\t<a href='https:\/\/archive.sana.sy\/es\/wp-content\/uploads\/2021\/09\/photo_2021-09-02_12-43-06.jpg'><img loading=\"lazy\" decoding=\"async\" width=\"1280\" height=\"856\" src=\"https:\/\/archive.sana.sy\/es\/wp-content\/uploads\/2021\/09\/photo_2021-09-02_12-43-06.jpg\" class=\"attachment-full size-full\" alt=\"\" srcset=\"https:\/\/archive.sana.sy\/es\/wp-content\/uploads\/2021\/09\/photo_2021-09-02_12-43-06.jpg 1280w, https:\/\/archive.sana.sy\/es\/wp-content\/uploads\/2021\/09\/photo_2021-09-02_12-43-06-300x201.jpg 300w, https:\/\/archive.sana.sy\/es\/wp-content\/uploads\/2021\/09\/photo_2021-09-02_12-43-06-1024x685.jpg 1024w, https:\/\/archive.sana.sy\/es\/wp-content\/uploads\/2021\/09\/photo_2021-09-02_12-43-06-150x100.jpg 150w, https:\/\/archive.sana.sy\/es\/wp-content\/uploads\/2021\/09\/photo_2021-09-02_12-43-06-768x514.jpg 768w, https:\/\/archive.sana.sy\/es\/wp-content\/uploads\/2021\/09\/photo_2021-09-02_12-43-06-110x75.jpg 110w\" sizes=\"(max-width: 1280px) 100vw, 1280px\" \/><\/a>\n\t\t\t<\/div><\/figure>\n\t\t<\/div>\n\n","protected":false},"excerpt":{"rendered":"<p>Deraa, SANA Los armados contin\u00faan hoy la entrega de sus armas en el centro de reconciliaci\u00f3n creado en la Comisar\u00eda de Polic\u00eda en el barrio al-Mahata en la cabecera provincial Deraa, donde se indulta a los armados que entregan sus armas voluntariamente. Seg\u00fan reportes del corresponsal de SANA, por segundo d\u00eda consecutivo, continua el proceso &hellip;<\/p>\n","protected":false},"author":32,"featured_media":195374,"comment_status":"closed","ping_status":"closed","sticky":false,"template":"","format":"standard","meta":{"footnotes":""},"categories":[477,597,573,476,7541],"tags":[],"class_list":["post-195373","post","type-post","status-publish","format-standard","has-post-thumbnail","","category-noticias-edulcorantes","category-cinta-de-noticias","category-la-realidad-de-los-acontecimientos-en-siria","category-locales","category-ultimas-noticias"],"_links":{"self":[{"href":"https:\/\/archive.sana.sy\/es\/index.php?rest_route=\/wp\/v2\/posts\/195373"}],"collection":[{"href":"https:\/\/archive.sana.sy\/es\/index.php?rest_route=\/wp\/v2\/posts"}],"about":[{"href":"https:\/\/archive.sana.sy\/es\/index.php?rest_route=\/wp\/v2\/types\/post"}],"author":[{"embeddable":true,"href":"https:\/\/archive.sana.sy\/es\/index.php?rest_route=\/wp\/v2\/users\/32"}],"replies":[{"embeddable":true,"href":"https:\/\/archive.sana.sy\/es\/index.php?rest_route=%2Fwp%2Fv2%2Fcomments&post=195373"}],"version-history":[{"count":0,"href":"https:\/\/archive.sana.sy\/es\/index.php?rest_route=\/wp\/v2\/posts\/195373\/revisions"}],"wp:featuredmedia":[{"embeddable":true,"href":"https:\/\/archive.sana.sy\/es\/index.php?rest_route=\/wp\/v2\/media\/195374"}],"wp:attachment":[{"href":"https:\/\/archive.sana.sy\/es\/index.php?rest_route=%2Fwp%2Fv2%2Fmedia&parent=195373"}],"wp:term":[{"taxonomy":"category","embeddable":true,"href":"https:\/\/archive.sana.sy\/es\/index.php?rest_route=%2Fwp%2Fv2%2Fcategories&post=195373"},{"taxonomy":"post_tag","embeddable":true,"href":"https:\/\/archive.sana.sy\/es\/index.php?rest_route=%2Fwp%2Fv2%2Ftags&post=195373"}],"curies":[{"name":"wp","href":"https:\/\/api.w.org\/{rel}","templated":true}]}}