{"id":195389,"date":"2021-09-02T14:38:39","date_gmt":"2021-09-02T11:38:39","guid":{"rendered":"http:\/\/107.6.182.27\/es\/?p=195389"},"modified":"2023-01-10T14:26:34","modified_gmt":"2023-01-10T12:26:34","slug":"amplian-departamento-de-aislamiento-anti-covid-19-en-hospital-de-qamishli","status":"publish","type":"post","link":"https:\/\/archive.sana.sy\/es\/?p=195389","title":{"rendered":"Ampl\u00edan departamento de aislamiento anti Covid-19 en hospital de Qamishli"},"content":{"rendered":"<p style=\"text-align: justify;\"><strong><span style=\"color: #800000;\">Hasakeh, SANA<\/span><\/strong><\/p>\n<p style=\"text-align: justify;\">El hospital de Qamishli ampli\u00f3 el departamento de aislamiento m\u00e9dico para recibir m\u00e1s casos con Covid-19.<\/p>\n<p style=\"text-align: justify;\">El director de la instituci\u00f3n, Omar al-Akoub, declar\u00f3 a SANA que el departamento est\u00e1 equipado con planta de Ox\u00edgeno, mascarillas de ox\u00edgeno para nebulizaci\u00f3n, dispositivos de choque el\u00e9ctrico, electrocardi\u00f3grafos, dispositivos de soporte de ox\u00edgeno y aspirador de secreciones, entre otros equipos.<\/p>\n<p style=\"text-align: justify;\">Agreg\u00f3 que 12 camas se agregaron al departamento aumentando su capacidad 36 camas.<\/p>\n<p style=\"text-align: justify;\">A su vez, el responsable del departamento de aislamiento, John Al-Farah, se\u00f1al\u00f3 que la secci\u00f3n de aislamiento est\u00e1 equipada con todos los requisitos para brindar servicios m\u00e9dicos a los infectados con el nuevo Coronavirus.<\/p>\n<p style=\"text-align: justify;\">Indic\u00f3 que el hospital recibir\u00e1 pronto 25 toneladas de medicamentos y sueros.<\/p>\n<p style=\"text-align: justify;\"><strong><span style=\"color: #0000ff;\">ed\/fm<\/span><\/strong><\/p>\n<div id='gallery-1' class='gallery galleryid-195389 gallery-columns-1 gallery-size-full'><figure class='gallery-item'>\n\t\t\t<div class='gallery-icon landscape'>\n\t\t\t\t<a href='https:\/\/archive.sana.sy\/es\/wp-content\/uploads\/2021\/09\/photo_2021-09-01_14-17-42-scaled.jpg'><img loading=\"lazy\" decoding=\"async\" width=\"2560\" height=\"1746\" src=\"https:\/\/archive.sana.sy\/es\/wp-content\/uploads\/2021\/09\/photo_2021-09-01_14-17-42-scaled.jpg\" class=\"attachment-full size-full\" alt=\"\" srcset=\"https:\/\/archive.sana.sy\/es\/wp-content\/uploads\/2021\/09\/photo_2021-09-01_14-17-42-scaled.jpg 2560w, https:\/\/archive.sana.sy\/es\/wp-content\/uploads\/2021\/09\/photo_2021-09-01_14-17-42-300x205.jpg 300w, https:\/\/archive.sana.sy\/es\/wp-content\/uploads\/2021\/09\/photo_2021-09-01_14-17-42-1024x699.jpg 1024w, https:\/\/archive.sana.sy\/es\/wp-content\/uploads\/2021\/09\/photo_2021-09-01_14-17-42-150x102.jpg 150w, https:\/\/archive.sana.sy\/es\/wp-content\/uploads\/2021\/09\/photo_2021-09-01_14-17-42-768x524.jpg 768w, https:\/\/archive.sana.sy\/es\/wp-content\/uploads\/2021\/09\/photo_2021-09-01_14-17-42-1536x1048.jpg 1536w, https:\/\/archive.sana.sy\/es\/wp-content\/uploads\/2021\/09\/photo_2021-09-01_14-17-42-2048x1397.jpg 2048w, https:\/\/archive.sana.sy\/es\/wp-content\/uploads\/2021\/09\/photo_2021-09-01_14-17-42-110x75.jpg 110w\" sizes=\"(max-width: 2560px) 100vw, 2560px\" \/><\/a>\n\t\t\t<\/div><\/figure><figure class='gallery-item'>\n\t\t\t<div class='gallery-icon landscape'>\n\t\t\t\t<a href='https:\/\/archive.sana.sy\/es\/wp-content\/uploads\/2021\/09\/photo_2021-09-01_14-18-11-3-1-scaled.jpg'><img loading=\"lazy\" decoding=\"async\" width=\"2560\" height=\"1634\" src=\"https:\/\/archive.sana.sy\/es\/wp-content\/uploads\/2021\/09\/photo_2021-09-01_14-18-11-3-1-scaled.jpg\" class=\"attachment-full size-full\" alt=\"\" srcset=\"https:\/\/archive.sana.sy\/es\/wp-content\/uploads\/2021\/09\/photo_2021-09-01_14-18-11-3-1-scaled.jpg 2560w, https:\/\/archive.sana.sy\/es\/wp-content\/uploads\/2021\/09\/photo_2021-09-01_14-18-11-3-1-300x191.jpg 300w, https:\/\/archive.sana.sy\/es\/wp-content\/uploads\/2021\/09\/photo_2021-09-01_14-18-11-3-1-1024x653.jpg 1024w, https:\/\/archive.sana.sy\/es\/wp-content\/uploads\/2021\/09\/photo_2021-09-01_14-18-11-3-1-150x96.jpg 150w, https:\/\/archive.sana.sy\/es\/wp-content\/uploads\/2021\/09\/photo_2021-09-01_14-18-11-3-1-768x490.jpg 768w, https:\/\/archive.sana.sy\/es\/wp-content\/uploads\/2021\/09\/photo_2021-09-01_14-18-11-3-1-1536x980.jpg 1536w, https:\/\/archive.sana.sy\/es\/wp-content\/uploads\/2021\/09\/photo_2021-09-01_14-18-11-3-1-2048x1307.jpg 2048w\" sizes=\"(max-width: 2560px) 100vw, 2560px\" \/><\/a>\n\t\t\t<\/div><\/figure><figure class='gallery-item'>\n\t\t\t<div class='gallery-icon landscape'>\n\t\t\t\t<a href='https:\/\/archive.sana.sy\/es\/wp-content\/uploads\/2021\/09\/photo_2021-09-01_14-18-11-4-scaled.jpg'><img loading=\"lazy\" decoding=\"async\" width=\"2560\" height=\"1736\" src=\"https:\/\/archive.sana.sy\/es\/wp-content\/uploads\/2021\/09\/photo_2021-09-01_14-18-11-4-scaled.jpg\" class=\"attachment-full size-full\" alt=\"\" srcset=\"https:\/\/archive.sana.sy\/es\/wp-content\/uploads\/2021\/09\/photo_2021-09-01_14-18-11-4-scaled.jpg 2560w, https:\/\/archive.sana.sy\/es\/wp-content\/uploads\/2021\/09\/photo_2021-09-01_14-18-11-4-300x203.jpg 300w, https:\/\/archive.sana.sy\/es\/wp-content\/uploads\/2021\/09\/photo_2021-09-01_14-18-11-4-1024x694.jpg 1024w, https:\/\/archive.sana.sy\/es\/wp-content\/uploads\/2021\/09\/photo_2021-09-01_14-18-11-4-150x102.jpg 150w, https:\/\/archive.sana.sy\/es\/wp-content\/uploads\/2021\/09\/photo_2021-09-01_14-18-11-4-768x521.jpg 768w, https:\/\/archive.sana.sy\/es\/wp-content\/uploads\/2021\/09\/photo_2021-09-01_14-18-11-4-1536x1041.jpg 1536w, https:\/\/archive.sana.sy\/es\/wp-content\/uploads\/2021\/09\/photo_2021-09-01_14-18-11-4-2048x1388.jpg 2048w, https:\/\/archive.sana.sy\/es\/wp-content\/uploads\/2021\/09\/photo_2021-09-01_14-18-11-4-110x75.jpg 110w\" sizes=\"(max-width: 2560px) 100vw, 2560px\" \/><\/a>\n\t\t\t<\/div><\/figure><figure class='gallery-item'>\n\t\t\t<div class='gallery-icon landscape'>\n\t\t\t\t<a href='https:\/\/archive.sana.sy\/es\/wp-content\/uploads\/2021\/09\/photo_2021-09-01_14-18-10-3-scaled.jpg'><img loading=\"lazy\" decoding=\"async\" width=\"2560\" height=\"1710\" src=\"https:\/\/archive.sana.sy\/es\/wp-content\/uploads\/2021\/09\/photo_2021-09-01_14-18-10-3-scaled.jpg\" class=\"attachment-full size-full\" alt=\"\" srcset=\"https:\/\/archive.sana.sy\/es\/wp-content\/uploads\/2021\/09\/photo_2021-09-01_14-18-10-3-scaled.jpg 2560w, https:\/\/archive.sana.sy\/es\/wp-content\/uploads\/2021\/09\/photo_2021-09-01_14-18-10-3-300x200.jpg 300w, https:\/\/archive.sana.sy\/es\/wp-content\/uploads\/2021\/09\/photo_2021-09-01_14-18-10-3-1024x684.jpg 1024w, https:\/\/archive.sana.sy\/es\/wp-content\/uploads\/2021\/09\/photo_2021-09-01_14-18-10-3-150x100.jpg 150w, https:\/\/archive.sana.sy\/es\/wp-content\/uploads\/2021\/09\/photo_2021-09-01_14-18-10-3-768x513.jpg 768w, https:\/\/archive.sana.sy\/es\/wp-content\/uploads\/2021\/09\/photo_2021-09-01_14-18-10-3-1536x1026.jpg 1536w, https:\/\/archive.sana.sy\/es\/wp-content\/uploads\/2021\/09\/photo_2021-09-01_14-18-10-3-2048x1368.jpg 2048w\" sizes=\"(max-width: 2560px) 100vw, 2560px\" \/><\/a>\n\t\t\t<\/div><\/figure>\n\t\t<\/div>\n\n","protected":false},"excerpt":{"rendered":"<p>Hasakeh, SANA El hospital de Qamishli ampli\u00f3 el departamento de aislamiento m\u00e9dico para recibir m\u00e1s casos con Covid-19. El director de la instituci\u00f3n, Omar al-Akoub, declar\u00f3 a SANA que el departamento est\u00e1 equipado con planta de Ox\u00edgeno, mascarillas de ox\u00edgeno para nebulizaci\u00f3n, dispositivos de choque el\u00e9ctrico, electrocardi\u00f3grafos, dispositivos de soporte de ox\u00edgeno y aspirador de &hellip;<\/p>\n","protected":false},"author":32,"featured_media":195390,"comment_status":"closed","ping_status":"closed","sticky":false,"template":"","format":"standard","meta":{"footnotes":""},"categories":[477,447,597,476,457,7541],"tags":[],"class_list":["post-195389","post","type-post","status-publish","format-standard","has-post-thumbnail","","category-noticias-edulcorantes","category-local-politica","category-cinta-de-noticias","category-locales","category-noticias-arabe-internacional-politica","category-ultimas-noticias"],"_links":{"self":[{"href":"https:\/\/archive.sana.sy\/es\/index.php?rest_route=\/wp\/v2\/posts\/195389"}],"collection":[{"href":"https:\/\/archive.sana.sy\/es\/index.php?rest_route=\/wp\/v2\/posts"}],"about":[{"href":"https:\/\/archive.sana.sy\/es\/index.php?rest_route=\/wp\/v2\/types\/post"}],"author":[{"embeddable":true,"href":"https:\/\/archive.sana.sy\/es\/index.php?rest_route=\/wp\/v2\/users\/32"}],"replies":[{"embeddable":true,"href":"https:\/\/archive.sana.sy\/es\/index.php?rest_route=%2Fwp%2Fv2%2Fcomments&post=195389"}],"version-history":[{"count":0,"href":"https:\/\/archive.sana.sy\/es\/index.php?rest_route=\/wp\/v2\/posts\/195389\/revisions"}],"wp:featuredmedia":[{"embeddable":true,"href":"https:\/\/archive.sana.sy\/es\/index.php?rest_route=\/wp\/v2\/media\/195390"}],"wp:attachment":[{"href":"https:\/\/archive.sana.sy\/es\/index.php?rest_route=%2Fwp%2Fv2%2Fmedia&parent=195389"}],"wp:term":[{"taxonomy":"category","embeddable":true,"href":"https:\/\/archive.sana.sy\/es\/index.php?rest_route=%2Fwp%2Fv2%2Fcategories&post=195389"},{"taxonomy":"post_tag","embeddable":true,"href":"https:\/\/archive.sana.sy\/es\/index.php?rest_route=%2Fwp%2Fv2%2Ftags&post=195389"}],"curies":[{"name":"wp","href":"https:\/\/api.w.org\/{rel}","templated":true}]}}