{"id":195396,"date":"2021-09-02T14:54:28","date_gmt":"2021-09-02T11:54:28","guid":{"rendered":"http:\/\/107.6.182.27\/es\/?p=195396"},"modified":"2021-09-02T14:54:37","modified_gmt":"2021-09-02T11:54:37","slug":"buzos-de-fuerzas-navales-de-siria-ganan-3er-lugar-en-el-campeonato-mundial-de-buceo-profundo","status":"publish","type":"post","link":"https:\/\/archive.sana.sy\/es\/?p=195396","title":{"rendered":"Buzos de Fuerzas Navales de Siria ganan 3er lugar en el Campeonato Mundial de Buceo Profundo"},"content":{"rendered":"<p style=\"text-align: justify;\"><span style=\"color: #800000;\"><strong>Teher\u00e1n, SANA<\/strong><\/span><\/p>\n<p style=\"text-align: justify;\">El equipo de buceo de las Fuerzas navales del Ej\u00e9rcito \u00c1rabe Sirio obtuvo el tercer lugar en el Sexto Campeonato Mundial de Buceo Profundo de Ej\u00e9rcitos 2021, que fue organizado por la Fuerza de la Regi\u00f3n Naval Estrat\u00e9gica del ej\u00e9rcito iran\u00ed en el puerto de Kanark, al sureste de Ir\u00e1n.<\/p>\n<p style=\"text-align: justify;\">La ceremonia de coronaci\u00f3n cont\u00f3 con la presencia del Comandante de la Armada de Ir\u00e1n, Almirante Shahram Irani.<\/p>\n<p style=\"text-align: justify;\">Las competencias se llevaron a cabo del 22 de agosto al 1 de septiembre, con la participaci\u00f3n de 100 atletas de seis pa\u00edses, incluida Siria.<\/p>\n<p style=\"text-align: justify;\">Los equipos iran\u00ed y ruso compartieron el primer lugar en el Campeonato, mientras que los equipos chino y sirio ganaron el segundo y tercer lugar, respectivamente.<\/p>\n<p style=\"text-align: justify;\"><strong><span style=\"color: #0000ff;\">fm\/ed<\/span><\/strong><\/p>\n","protected":false},"excerpt":{"rendered":"<p>Teher\u00e1n, SANA El equipo de buceo de las Fuerzas navales del Ej\u00e9rcito \u00c1rabe Sirio obtuvo el tercer lugar en el Sexto Campeonato Mundial de Buceo Profundo de Ej\u00e9rcitos 2021, que fue organizado por la Fuerza de la Regi\u00f3n Naval Estrat\u00e9gica del ej\u00e9rcito iran\u00ed en el puerto de Kanark, al sureste de Ir\u00e1n. La ceremonia de &hellip;<\/p>\n","protected":false},"author":32,"featured_media":195397,"comment_status":"closed","ping_status":"closed","sticky":false,"template":"","format":"standard","meta":{"footnotes":""},"categories":[597,467,7541],"tags":[],"class_list":["post-195396","post","type-post","status-publish","format-standard","has-post-thumbnail","","category-cinta-de-noticias","category-siria-y-el-mundo","category-ultimas-noticias"],"_links":{"self":[{"href":"https:\/\/archive.sana.sy\/es\/index.php?rest_route=\/wp\/v2\/posts\/195396"}],"collection":[{"href":"https:\/\/archive.sana.sy\/es\/index.php?rest_route=\/wp\/v2\/posts"}],"about":[{"href":"https:\/\/archive.sana.sy\/es\/index.php?rest_route=\/wp\/v2\/types\/post"}],"author":[{"embeddable":true,"href":"https:\/\/archive.sana.sy\/es\/index.php?rest_route=\/wp\/v2\/users\/32"}],"replies":[{"embeddable":true,"href":"https:\/\/archive.sana.sy\/es\/index.php?rest_route=%2Fwp%2Fv2%2Fcomments&post=195396"}],"version-history":[{"count":0,"href":"https:\/\/archive.sana.sy\/es\/index.php?rest_route=\/wp\/v2\/posts\/195396\/revisions"}],"wp:featuredmedia":[{"embeddable":true,"href":"https:\/\/archive.sana.sy\/es\/index.php?rest_route=\/wp\/v2\/media\/195397"}],"wp:attachment":[{"href":"https:\/\/archive.sana.sy\/es\/index.php?rest_route=%2Fwp%2Fv2%2Fmedia&parent=195396"}],"wp:term":[{"taxonomy":"category","embeddable":true,"href":"https:\/\/archive.sana.sy\/es\/index.php?rest_route=%2Fwp%2Fv2%2Fcategories&post=195396"},{"taxonomy":"post_tag","embeddable":true,"href":"https:\/\/archive.sana.sy\/es\/index.php?rest_route=%2Fwp%2Fv2%2Ftags&post=195396"}],"curies":[{"name":"wp","href":"https:\/\/api.w.org\/{rel}","templated":true}]}}