{"id":195409,"date":"2021-09-02T18:27:45","date_gmt":"2021-09-02T15:27:45","guid":{"rendered":"http:\/\/107.6.182.27\/es\/?p=195409"},"modified":"2021-09-02T18:27:45","modified_gmt":"2021-09-02T15:27:45","slug":"arnous-por-una-participacion-digna-de-la-civilizacion-de-siria-en-la-expo-dubai-2020","status":"publish","type":"post","link":"https:\/\/archive.sana.sy\/es\/?p=195409","title":{"rendered":"Arnous: por una participaci\u00f3n digna de la civilizaci\u00f3n de Siria en la Expo Dub\u00e1i 2020"},"content":{"rendered":"<p style=\"text-align: justify;\"><span style=\"color: #800000;\"><strong>Damasco, SANA<\/strong><\/span><\/p>\n<p style=\"text-align: justify;\">El primer ministro de Siria, Hussein Arnous, encabez\u00f3 hoy una reuni\u00f3n para discutir los preparativos en curso y el papel de los organismos p\u00fablicos y privados para garantizar una destacada participaci\u00f3n de Siria en la Exposici\u00f3n Mundial de Dub\u00e1i 2020.<\/p>\n<p style=\"text-align: justify;\">Dub\u00e1i Expo 2020 comenzar\u00e1 el 1 de octubre y en la cual participar\u00e1 Siria para reflejar su protagonismo en los campos econ\u00f3mico, cultural y tur\u00edstico, en consonancia con el lema de la exposici\u00f3n \u201cConectar mentes, crear el futuro\u201d.<\/p>\n<p style=\"text-align: justify;\">Arnous destac\u00f3 la necesidad de realizar los m\u00e1ximos esfuerzos para lograr la participaci\u00f3n efectiva de Siria en la exposici\u00f3n y aprovechar las oportunidades econ\u00f3micas y de inversi\u00f3n que ofrece, incluido el fortalecimiento de los lazos con empresarios y actores econ\u00f3micos de varios pa\u00edses del mundo.<\/p>\n<p style=\"text-align: justify;\">Durante la reuni\u00f3n, se decidi\u00f3 asignar a los ministerios pertinentes: &#8220;Econom\u00eda, Turismo, Industria, Cultura, Informaci\u00f3n y Transporte&#8221; para determinar los eventos necesarios que se celebrar\u00e1n a lo largo de la exposici\u00f3n en coordinaci\u00f3n y cooperaci\u00f3n con los actores econ\u00f3micos nacionales.<\/p>\n<p style=\"text-align: justify;\"><span style=\"color: #0000ff;\"><strong>ah\/rsh<\/strong><\/span><\/p>\n","protected":false},"excerpt":{"rendered":"<p>Damasco, SANA El primer ministro de Siria, Hussein Arnous, encabez\u00f3 hoy una reuni\u00f3n para discutir los preparativos en curso y el papel de los organismos p\u00fablicos y privados para garantizar una destacada participaci\u00f3n de Siria en la Exposici\u00f3n Mundial de Dub\u00e1i 2020. Dub\u00e1i Expo 2020 comenzar\u00e1 el 1 de octubre y en la cual participar\u00e1 &hellip;<\/p>\n","protected":false},"author":30,"featured_media":195410,"comment_status":"closed","ping_status":"closed","sticky":false,"template":"","format":"standard","meta":{"footnotes":""},"categories":[597,476,7541],"tags":[19448],"class_list":["post-195409","post","type-post","status-publish","format-standard","has-post-thumbnail","","category-cinta-de-noticias","category-locales","category-ultimas-noticias","tag-arnous-por-una-participacion-digna-de-la-civilizacion-de-siria-en-la-expo-dubai-2020"],"_links":{"self":[{"href":"https:\/\/archive.sana.sy\/es\/index.php?rest_route=\/wp\/v2\/posts\/195409"}],"collection":[{"href":"https:\/\/archive.sana.sy\/es\/index.php?rest_route=\/wp\/v2\/posts"}],"about":[{"href":"https:\/\/archive.sana.sy\/es\/index.php?rest_route=\/wp\/v2\/types\/post"}],"author":[{"embeddable":true,"href":"https:\/\/archive.sana.sy\/es\/index.php?rest_route=\/wp\/v2\/users\/30"}],"replies":[{"embeddable":true,"href":"https:\/\/archive.sana.sy\/es\/index.php?rest_route=%2Fwp%2Fv2%2Fcomments&post=195409"}],"version-history":[{"count":0,"href":"https:\/\/archive.sana.sy\/es\/index.php?rest_route=\/wp\/v2\/posts\/195409\/revisions"}],"wp:featuredmedia":[{"embeddable":true,"href":"https:\/\/archive.sana.sy\/es\/index.php?rest_route=\/wp\/v2\/media\/195410"}],"wp:attachment":[{"href":"https:\/\/archive.sana.sy\/es\/index.php?rest_route=%2Fwp%2Fv2%2Fmedia&parent=195409"}],"wp:term":[{"taxonomy":"category","embeddable":true,"href":"https:\/\/archive.sana.sy\/es\/index.php?rest_route=%2Fwp%2Fv2%2Fcategories&post=195409"},{"taxonomy":"post_tag","embeddable":true,"href":"https:\/\/archive.sana.sy\/es\/index.php?rest_route=%2Fwp%2Fv2%2Ftags&post=195409"}],"curies":[{"name":"wp","href":"https:\/\/api.w.org\/{rel}","templated":true}]}}