{"id":195412,"date":"2021-09-02T18:54:59","date_gmt":"2021-09-02T15:54:59","guid":{"rendered":"http:\/\/107.6.182.27\/es\/?p=195412"},"modified":"2021-09-02T18:54:59","modified_gmt":"2021-09-02T15:54:59","slug":"siria-exige-presionar-a-la-ocupacion-israeli-para-cesar-sus-practicas-ilegales-contra-ciudadanos-sirios-del-golan-ocupado","status":"publish","type":"post","link":"https:\/\/archive.sana.sy\/es\/?p=195412","title":{"rendered":"Siria exige presionar a la ocupaci\u00f3n israel\u00ed para cesar sus pr\u00e1cticas ilegales contra ciudadanos sirios del Gol\u00e1n ocupado"},"content":{"rendered":"<p style=\"text-align: justify;\"><strong><span style=\"color: #800000;\">Damasco, SANA<\/span><\/strong><\/p>\n<p style=\"text-align: justify;\">Por conducto de la Misi\u00f3n Permanente de Siria en Ginebra, la Canciller\u00eda siria inst\u00f3 a las organizaciones humanitarias internacionales a presionar a las autoridades de ocupaci\u00f3n israel\u00edes para que detengan sus violaciones de los derechos de los ciudadanos sirios en el Gol\u00e1n ocupado y que intervinieran de inmediato para permitirles regresar a sus ciudades.<\/p>\n<p style=\"text-align: justify;\">&#8220;La Misi\u00f3n Permanente de Siria en Ginebra, a petici\u00f3n del Ministerio de Exteriores, envi\u00f3 cartas a la Oficina del Alto Comisionado de las Naciones Unidas para los Derechos Humanos y al Comit\u00e9 Internacional de la Cruz Roja en Ginebra, en las que ped\u00eda que se presionara a las autoridades de ocupaci\u00f3n israel\u00edes para que cesaran sus pr\u00e1cticas ilegales contra los ciudadanos sirios del Gol\u00e1n ocupado&#8221;, expres\u00f3 la Canciller\u00eda en un comunicado.<\/p>\n<p style=\"text-align: justify;\">Asimismo, el comunicado exigi\u00f3 a las partes antes mencionadas a que aseguraran que Israel, como potencia ocupante, cumpla con sus obligaciones jur\u00eddicas internacionales en virtud de los Convenios de Ginebra.<\/p>\n<p style=\"text-align: justify;\">En el mismo contexto, la Canciller\u00eda dio instrucciones a la Misi\u00f3n Permanente para que plantee la cuesti\u00f3n de las pr\u00e1cticas de las autoridades de ocupaci\u00f3n israel\u00edes contra los habitantes del Gol\u00e1n sirio ocupado, en particular contra quienes viajaron fuera de Palestina para estudiar, trabajar o por cualquier otro motivo, ya que les proh\u00edbe regresar a sus ciudades y pueblos en el Gol\u00e1n sirio ocupado.<\/p>\n<p style=\"text-align: justify;\">La Canciller\u00eda orient\u00f3 a la Misi\u00f3n Permanente dirigirse a los \u00f3rganos pertinentes de las Naciones Unidas y otras organizaciones internacionales en Ginebra para suscitar esta cuesti\u00f3n humanitaria a fin de proteger a los ciudadanos sirios en el Gol\u00e1n sirio ocupado de tales violaciones de la ocupaci\u00f3n.<\/p>\n<p style=\"text-align: justify;\">Las cartas exigieron a las partes competentes que intervinieran de inmediato para permitirles a aquellos sirios regresar a sus ciudades en el Gol\u00e1n sirio ocupado lo antes posible y sin imponerles ninguna condici\u00f3n previa.<\/p>\n<p style=\"text-align: justify;\"><span style=\"color: #0000ff;\"><strong>ah\/rsh<\/strong><\/span><\/p>\n","protected":false},"excerpt":{"rendered":"<p>Damasco, SANA Por conducto de la Misi\u00f3n Permanente de Siria en Ginebra, la Canciller\u00eda siria inst\u00f3 a las organizaciones humanitarias internacionales a presionar a las autoridades de ocupaci\u00f3n israel\u00edes para que detengan sus violaciones de los derechos de los ciudadanos sirios en el Gol\u00e1n ocupado y que intervinieran de inmediato para permitirles regresar a sus &hellip;<\/p>\n","protected":false},"author":30,"featured_media":195413,"comment_status":"closed","ping_status":"closed","sticky":false,"template":"","format":"standard","meta":{"footnotes":""},"categories":[597,467,7541],"tags":[19449],"class_list":["post-195412","post","type-post","status-publish","format-standard","has-post-thumbnail","","category-cinta-de-noticias","category-siria-y-el-mundo","category-ultimas-noticias","tag-siria-exige-presionar-a-la-ocupacion-israeli-para-cesar-sus-practicas-ilegales-contra-ciudadanos-sirios-del-golan-ocupado"],"_links":{"self":[{"href":"https:\/\/archive.sana.sy\/es\/index.php?rest_route=\/wp\/v2\/posts\/195412"}],"collection":[{"href":"https:\/\/archive.sana.sy\/es\/index.php?rest_route=\/wp\/v2\/posts"}],"about":[{"href":"https:\/\/archive.sana.sy\/es\/index.php?rest_route=\/wp\/v2\/types\/post"}],"author":[{"embeddable":true,"href":"https:\/\/archive.sana.sy\/es\/index.php?rest_route=\/wp\/v2\/users\/30"}],"replies":[{"embeddable":true,"href":"https:\/\/archive.sana.sy\/es\/index.php?rest_route=%2Fwp%2Fv2%2Fcomments&post=195412"}],"version-history":[{"count":0,"href":"https:\/\/archive.sana.sy\/es\/index.php?rest_route=\/wp\/v2\/posts\/195412\/revisions"}],"wp:featuredmedia":[{"embeddable":true,"href":"https:\/\/archive.sana.sy\/es\/index.php?rest_route=\/wp\/v2\/media\/195413"}],"wp:attachment":[{"href":"https:\/\/archive.sana.sy\/es\/index.php?rest_route=%2Fwp%2Fv2%2Fmedia&parent=195412"}],"wp:term":[{"taxonomy":"category","embeddable":true,"href":"https:\/\/archive.sana.sy\/es\/index.php?rest_route=%2Fwp%2Fv2%2Fcategories&post=195412"},{"taxonomy":"post_tag","embeddable":true,"href":"https:\/\/archive.sana.sy\/es\/index.php?rest_route=%2Fwp%2Fv2%2Ftags&post=195412"}],"curies":[{"name":"wp","href":"https:\/\/api.w.org\/{rel}","templated":true}]}}