{"id":195477,"date":"2021-09-02T18:25:59","date_gmt":"2021-09-02T15:25:59","guid":{"rendered":"http:\/\/107.6.182.27\/es\/?p=195477"},"modified":"2023-01-10T14:26:33","modified_gmt":"2023-01-10T12:26:33","slug":"salud-lanza-una-campana-masiva-para-vacunar-a-ciudadanos-contra-covid-19","status":"publish","type":"post","link":"https:\/\/archive.sana.sy\/es\/?p=195477","title":{"rendered":"Salud lanza una campa\u00f1a masiva para vacunar a ciudadanos contra Covid-19"},"content":{"rendered":"<p style=\"text-align: justify;\"><strong><span style=\"color: #800000;\">Damasco, SANA<\/span><\/strong><\/p>\n<p style=\"text-align: justify;\">El director de Emergencias del Ministerio de Salud, Tawfiq Hasaba, revel\u00f3 que el Ministerio de Salud lanz\u00f3 una amplia campa\u00f1a para vacunar a los ciudadanos mayores de 18 a\u00f1os contra el virus Covid-19, el pr\u00f3ximo domingo 9-5-2021, hasta el jueves, 16-9-2021.<\/p>\n<p style=\"text-align: justify;\">Hasaba explic\u00f3 en una declaraci\u00f3n a SANA que la campa\u00f1a se realizar\u00e1 a trav\u00e9s de 200 centros de salud, hospitales y equipos m\u00f3viles ubicados en puntos fijos en todas las provincias.<\/p>\n<p style=\"text-align: justify;\">Se\u00f1al\u00f3 que est\u00e1n excluidos los ni\u00f1os menores de 18 a\u00f1os, las mujeres embarazadas y lactantes, y las personas con antecedentes de alergia a la vacuna.<\/p>\n<p style=\"text-align: justify;\"><span style=\"color: #0000ff;\"><strong>sm\/rsh<\/strong><\/span><\/p>\n","protected":false},"excerpt":{"rendered":"<p>Damasco, SANA El director de Emergencias del Ministerio de Salud, Tawfiq Hasaba, revel\u00f3 que el Ministerio de Salud lanz\u00f3 una amplia campa\u00f1a para vacunar a los ciudadanos mayores de 18 a\u00f1os contra el virus Covid-19, el pr\u00f3ximo domingo 9-5-2021, hasta el jueves, 16-9-2021. Hasaba explic\u00f3 en una declaraci\u00f3n a SANA que la campa\u00f1a se realizar\u00e1 &hellip;<\/p>\n","protected":false},"author":39,"featured_media":195478,"comment_status":"closed","ping_status":"closed","sticky":false,"template":"","format":"standard","meta":{"footnotes":""},"categories":[477,447,597,476,457,7541],"tags":[],"class_list":["post-195477","post","type-post","status-publish","format-standard","has-post-thumbnail","","category-noticias-edulcorantes","category-local-politica","category-cinta-de-noticias","category-locales","category-noticias-arabe-internacional-politica","category-ultimas-noticias"],"_links":{"self":[{"href":"https:\/\/archive.sana.sy\/es\/index.php?rest_route=\/wp\/v2\/posts\/195477"}],"collection":[{"href":"https:\/\/archive.sana.sy\/es\/index.php?rest_route=\/wp\/v2\/posts"}],"about":[{"href":"https:\/\/archive.sana.sy\/es\/index.php?rest_route=\/wp\/v2\/types\/post"}],"author":[{"embeddable":true,"href":"https:\/\/archive.sana.sy\/es\/index.php?rest_route=\/wp\/v2\/users\/39"}],"replies":[{"embeddable":true,"href":"https:\/\/archive.sana.sy\/es\/index.php?rest_route=%2Fwp%2Fv2%2Fcomments&post=195477"}],"version-history":[{"count":0,"href":"https:\/\/archive.sana.sy\/es\/index.php?rest_route=\/wp\/v2\/posts\/195477\/revisions"}],"wp:featuredmedia":[{"embeddable":true,"href":"https:\/\/archive.sana.sy\/es\/index.php?rest_route=\/wp\/v2\/media\/195478"}],"wp:attachment":[{"href":"https:\/\/archive.sana.sy\/es\/index.php?rest_route=%2Fwp%2Fv2%2Fmedia&parent=195477"}],"wp:term":[{"taxonomy":"category","embeddable":true,"href":"https:\/\/archive.sana.sy\/es\/index.php?rest_route=%2Fwp%2Fv2%2Fcategories&post=195477"},{"taxonomy":"post_tag","embeddable":true,"href":"https:\/\/archive.sana.sy\/es\/index.php?rest_route=%2Fwp%2Fv2%2Ftags&post=195477"}],"curies":[{"name":"wp","href":"https:\/\/api.w.org\/{rel}","templated":true}]}}