{"id":195480,"date":"2021-09-02T22:41:19","date_gmt":"2021-09-02T19:41:19","guid":{"rendered":"http:\/\/107.6.182.27\/es\/?p=195480"},"modified":"2023-01-12T14:40:28","modified_gmt":"2023-01-12T12:40:28","slug":"colonos-israelies-asaltan-la-zona-arqueologica-de-sebastia","status":"publish","type":"post","link":"https:\/\/archive.sana.sy\/es\/?p=195480","title":{"rendered":"Colonos israel\u00edes asaltan la zona arqueol\u00f3gica de Sebastia"},"content":{"rendered":"<p style=\"text-align: justify;\"><span style=\"color: #800000;\"><strong>Jerusal\u00e9n ocupada, SANA<\/strong><\/span><\/p>\n<p style=\"text-align: justify;\">Colonos israel\u00edes irrumpieron en el \u00e1rea arqueol\u00f3gica de la ciudad de Sebastia, al norte de la ciudad de Naplusa en Cisjordania.<\/p>\n<p style=\"text-align: justify;\">La agencia palestina de noticias Wafa cit\u00f3 al alcalde de Sebastia, Mohamed Azem, diciendo que decenas de colonos irrumpieron en la zona arqueol\u00f3gica bajo la protecci\u00f3n de las fuerzas de ocupaci\u00f3n.<\/p>\n<p style=\"text-align: justify;\">La ciudad est\u00e1 sujeta a frecuentes incursiones de las tropas de ocupaci\u00f3n y los colonos, especialmente la zona arqueol\u00f3gica, en un intento de desplazar a los palestinos de all\u00ed y judaizarla.<\/p>\n<p style=\"text-align: justify;\"><span style=\"color: #0000ff;\"><strong>sm\/rsh<\/strong><\/span><\/p>\n","protected":false},"excerpt":{"rendered":"<p>Jerusal\u00e9n ocupada, SANA Colonos israel\u00edes irrumpieron en el \u00e1rea arqueol\u00f3gica de la ciudad de Sebastia, al norte de la ciudad de Naplusa en Cisjordania. La agencia palestina de noticias Wafa cit\u00f3 al alcalde de Sebastia, Mohamed Azem, diciendo que decenas de colonos irrumpieron en la zona arqueol\u00f3gica bajo la protecci\u00f3n de las fuerzas de ocupaci\u00f3n. &hellip;<\/p>\n","protected":false},"author":39,"featured_media":195481,"comment_status":"closed","ping_status":"closed","sticky":false,"template":"","format":"standard","meta":{"footnotes":""},"categories":[597,456],"tags":[],"class_list":["post-195480","post","type-post","status-publish","format-standard","has-post-thumbnail","","category-cinta-de-noticias","category-arabe-internacional-politica"],"_links":{"self":[{"href":"https:\/\/archive.sana.sy\/es\/index.php?rest_route=\/wp\/v2\/posts\/195480"}],"collection":[{"href":"https:\/\/archive.sana.sy\/es\/index.php?rest_route=\/wp\/v2\/posts"}],"about":[{"href":"https:\/\/archive.sana.sy\/es\/index.php?rest_route=\/wp\/v2\/types\/post"}],"author":[{"embeddable":true,"href":"https:\/\/archive.sana.sy\/es\/index.php?rest_route=\/wp\/v2\/users\/39"}],"replies":[{"embeddable":true,"href":"https:\/\/archive.sana.sy\/es\/index.php?rest_route=%2Fwp%2Fv2%2Fcomments&post=195480"}],"version-history":[{"count":0,"href":"https:\/\/archive.sana.sy\/es\/index.php?rest_route=\/wp\/v2\/posts\/195480\/revisions"}],"wp:featuredmedia":[{"embeddable":true,"href":"https:\/\/archive.sana.sy\/es\/index.php?rest_route=\/wp\/v2\/media\/195481"}],"wp:attachment":[{"href":"https:\/\/archive.sana.sy\/es\/index.php?rest_route=%2Fwp%2Fv2%2Fmedia&parent=195480"}],"wp:term":[{"taxonomy":"category","embeddable":true,"href":"https:\/\/archive.sana.sy\/es\/index.php?rest_route=%2Fwp%2Fv2%2Fcategories&post=195480"},{"taxonomy":"post_tag","embeddable":true,"href":"https:\/\/archive.sana.sy\/es\/index.php?rest_route=%2Fwp%2Fv2%2Ftags&post=195480"}],"curies":[{"name":"wp","href":"https:\/\/api.w.org\/{rel}","templated":true}]}}