{"id":195506,"date":"2021-09-03T08:35:28","date_gmt":"2021-09-03T05:35:28","guid":{"rendered":"http:\/\/107.6.182.27\/es\/?p=195506"},"modified":"2021-09-03T08:35:28","modified_gmt":"2021-09-03T05:35:28","slug":"defensas-antiaereas-del-ejercito-repelen-agresion-israeli-con-misiles-contra-inmediaciones-de-damasco","status":"publish","type":"post","link":"https:\/\/archive.sana.sy\/es\/?p=195506","title":{"rendered":"Defensas Antia\u00e9reas del Ej\u00e9rcito repelen agresi\u00f3n israel\u00ed con misiles contra inmediaciones de Damasco"},"content":{"rendered":"<p style=\"text-align: justify;\"><strong><span style=\"color: #800000;\">Damasco, SANA<\/span><\/strong><\/p>\n<p style=\"text-align: justify;\">Las unidades de defensa antia\u00e9rea del Ej\u00e9rcito \u00c1rabe Sirio repelieron hoy viernes una agresi\u00f3n israel\u00ed con misiles en las cercan\u00edas de la capital Damasco y lograron derribar la mayor\u00eda de los misiles hostiles.<\/p>\n<p style=\"text-align: justify;\">Una fuente militar inform\u00f3 a nuestra agencia SANA que \u201calrededor de la 1:26 am hora local de este viernes, el enemigo israel\u00ed llev\u00f3 a cabo una agresi\u00f3n con misiles que fueron disparados por aviones sionistas desde el espacio a\u00e9reos del sureste de la capital libanesa Beirut\u201d.<\/p>\n<p style=\"text-align: justify;\">Agreg\u00f3 que el ataque apunt\u00f3 contra algunos puntos en las cercan\u00edas de la ciudad de Damasco, y que las bater\u00edas de defensa antia\u00e9reas derribaron la mayor\u00eda de los misiles y las p\u00e9rdidas se limitaron a materiales.<\/p>\n<p style=\"text-align: justify;\">El d\u00eda 19 de agosto \u00faltimo, las defensas antia\u00e9reas del Ej\u00e9rcito \u00c1rabe Sirio repelieron una semejante agresi\u00f3n israel\u00ed con misiles disparados por aviones que sobrevolaban el sureste de Beirut, contra algunos puntos en las cercan\u00edas de la ciudad de Damasco y alrededor de la ciudad de Homs.<\/p>\n<p style=\"text-align: justify;\"><span style=\"color: #0000ff;\"><strong>fm\/ah<\/strong><\/span><\/p>\n","protected":false},"excerpt":{"rendered":"<p>Damasco, SANA Las unidades de defensa antia\u00e9rea del Ej\u00e9rcito \u00c1rabe Sirio repelieron hoy viernes una agresi\u00f3n israel\u00ed con misiles en las cercan\u00edas de la capital Damasco y lograron derribar la mayor\u00eda de los misiles hostiles. Una fuente militar inform\u00f3 a nuestra agencia SANA que \u201calrededor de la 1:26 am hora local de este viernes, el &hellip;<\/p>\n","protected":false},"author":30,"featured_media":195507,"comment_status":"closed","ping_status":"closed","sticky":false,"template":"","format":"standard","meta":{"footnotes":""},"categories":[477,597,573,7541],"tags":[19452],"class_list":["post-195506","post","type-post","status-publish","format-standard","has-post-thumbnail","","category-noticias-edulcorantes","category-cinta-de-noticias","category-la-realidad-de-los-acontecimientos-en-siria","category-ultimas-noticias","tag-defensas-antiaereas-del-ejercito-repelen-agresion-israeli-con-misiles-contra-inmediaciones-de-damasco"],"_links":{"self":[{"href":"https:\/\/archive.sana.sy\/es\/index.php?rest_route=\/wp\/v2\/posts\/195506"}],"collection":[{"href":"https:\/\/archive.sana.sy\/es\/index.php?rest_route=\/wp\/v2\/posts"}],"about":[{"href":"https:\/\/archive.sana.sy\/es\/index.php?rest_route=\/wp\/v2\/types\/post"}],"author":[{"embeddable":true,"href":"https:\/\/archive.sana.sy\/es\/index.php?rest_route=\/wp\/v2\/users\/30"}],"replies":[{"embeddable":true,"href":"https:\/\/archive.sana.sy\/es\/index.php?rest_route=%2Fwp%2Fv2%2Fcomments&post=195506"}],"version-history":[{"count":0,"href":"https:\/\/archive.sana.sy\/es\/index.php?rest_route=\/wp\/v2\/posts\/195506\/revisions"}],"wp:featuredmedia":[{"embeddable":true,"href":"https:\/\/archive.sana.sy\/es\/index.php?rest_route=\/wp\/v2\/media\/195507"}],"wp:attachment":[{"href":"https:\/\/archive.sana.sy\/es\/index.php?rest_route=%2Fwp%2Fv2%2Fmedia&parent=195506"}],"wp:term":[{"taxonomy":"category","embeddable":true,"href":"https:\/\/archive.sana.sy\/es\/index.php?rest_route=%2Fwp%2Fv2%2Fcategories&post=195506"},{"taxonomy":"post_tag","embeddable":true,"href":"https:\/\/archive.sana.sy\/es\/index.php?rest_route=%2Fwp%2Fv2%2Ftags&post=195506"}],"curies":[{"name":"wp","href":"https:\/\/api.w.org\/{rel}","templated":true}]}}