{"id":195524,"date":"2021-09-03T14:32:55","date_gmt":"2021-09-03T11:32:55","guid":{"rendered":"http:\/\/107.6.182.27\/es\/?p=195524"},"modified":"2021-09-03T16:06:24","modified_gmt":"2021-09-03T13:06:24","slug":"gobierno-sirio-sigue-su-lucha-contra-el-terrorismo-a-pesar-de-las-agresiones-israelies-afirma-cancilleria","status":"publish","type":"post","link":"https:\/\/archive.sana.sy\/es\/?p=195524","title":{"rendered":"Siria exige que Israel rinda cuentas por sus agresiones contra su territorio"},"content":{"rendered":"<p style=\"text-align: justify;\"><span style=\"color: #800000;\"><strong>Damasco, SANA<\/strong><\/span><\/p>\n<p style=\"text-align: justify;\">Siria exigi\u00f3 una vez m\u00e1s al Consejo de Seguridad y a la Secretar\u00eda General de Naciones Unidas que asuman sus responsabilidades y condenen los ataques atroces de Israel contra el territorio sirio y tomen medidas firmes e inmediatas para evitar que se repitan.<\/p>\n<p style=\"text-align: justify;\">\u201cPersistiendo en sus cr\u00edmenes y violaciones de la soberan\u00eda de los pa\u00edses de la regi\u00f3n, las autoridades de ocupaci\u00f3n israel\u00edes llevaron a cabo a la 1:26 am hora local de este viernes, una agresi\u00f3n con misiles que fueron disparados desde el espacio a\u00e9reo del sureste de la capital libanesa Beirut contra las proximidades de la capital Damasco\u201d, indic\u00f3 Canciller\u00eda en una carta enviada al Secretario General de las Naciones Unidas y al Presidente del Consejo de Seguridad.<\/p>\n<p style=\"text-align: justify;\">Esta cobarde agresi\u00f3n contra el territorio sirio es parte de las violaciones y cr\u00edmenes de \u201cIsrael\u201d contra Siria y su pueblo con el prop\u00f3sito de seguir brindando apoyo a sus terroristas y obstruir una soluci\u00f3n pol\u00edtica a la crisis en Siria, afirm\u00f3 el texto.<\/p>\n<p style=\"text-align: justify;\">Agreg\u00f3 que Siria advierte de nuevo a &#8220;Israel&#8221; de las peligrosas repercusiones de sus ataques perpetrados bajo falsos pretextos que no tienen nada que ver con la realidad, y de su continuo apoyo a las organizaciones terroristas y su ocupaci\u00f3n de territorios \u00e1rabes, incluido el Gol\u00e1n Sirio Ocupado.<\/p>\n<p style=\"text-align: justify;\">Siria responsabiliza plenamente a la entidad israel\u00ed por estos cr\u00edmenes y afirma que sus repetidos ataques no doblegar\u00e1n al gobierno sirio de cumplir su deber constitucional de continuar su lucha contra las organizaciones terroristas, enfatiz\u00f3.<\/p>\n<p style=\"text-align: justify;\">Las cartas destacaron que \u201cSiria, como miembro fundador de las Naciones Unidas, exige una vez m\u00e1s al Consejo de Seguridad y a la Secretar\u00eda General de las Naciones Unidas que cumplan con sus responsabilidades en el marco de la Carta de Naciones Unidas, y condenen y pongan fin a los flagrantes ataques israel\u00edes\u201d.<\/p>\n<p style=\"text-align: justify;\">Siria tambi\u00e9n exige obligar la entidad israel\u00ed a respetar todas las resoluciones de las Naciones Unidas y que rinda cuentas por su terrorismo y cr\u00edmenes contra Siria, Palestina y L\u00edbano, concluy\u00f3 Canciller\u00eda sus cartas.<\/p>\n<p style=\"text-align: justify;\"><span style=\"color: #0000ff;\"><strong>sm\/fm<\/strong><\/span><\/p>\n","protected":false},"excerpt":{"rendered":"<p>Damasco, SANA Siria exigi\u00f3 una vez m\u00e1s al Consejo de Seguridad y a la Secretar\u00eda General de Naciones Unidas que asuman sus responsabilidades y condenen los ataques atroces de Israel contra el territorio sirio y tomen medidas firmes e inmediatas para evitar que se repitan. \u201cPersistiendo en sus cr\u00edmenes y violaciones de la soberan\u00eda de &hellip;<\/p>\n","protected":false},"author":39,"featured_media":195525,"comment_status":"closed","ping_status":"closed","sticky":false,"template":"","format":"standard","meta":{"footnotes":""},"categories":[597,583],"tags":[],"class_list":["post-195524","post","type-post","status-publish","format-standard","has-post-thumbnail","","category-cinta-de-noticias","category-slide"],"_links":{"self":[{"href":"https:\/\/archive.sana.sy\/es\/index.php?rest_route=\/wp\/v2\/posts\/195524"}],"collection":[{"href":"https:\/\/archive.sana.sy\/es\/index.php?rest_route=\/wp\/v2\/posts"}],"about":[{"href":"https:\/\/archive.sana.sy\/es\/index.php?rest_route=\/wp\/v2\/types\/post"}],"author":[{"embeddable":true,"href":"https:\/\/archive.sana.sy\/es\/index.php?rest_route=\/wp\/v2\/users\/39"}],"replies":[{"embeddable":true,"href":"https:\/\/archive.sana.sy\/es\/index.php?rest_route=%2Fwp%2Fv2%2Fcomments&post=195524"}],"version-history":[{"count":0,"href":"https:\/\/archive.sana.sy\/es\/index.php?rest_route=\/wp\/v2\/posts\/195524\/revisions"}],"wp:featuredmedia":[{"embeddable":true,"href":"https:\/\/archive.sana.sy\/es\/index.php?rest_route=\/wp\/v2\/media\/195525"}],"wp:attachment":[{"href":"https:\/\/archive.sana.sy\/es\/index.php?rest_route=%2Fwp%2Fv2%2Fmedia&parent=195524"}],"wp:term":[{"taxonomy":"category","embeddable":true,"href":"https:\/\/archive.sana.sy\/es\/index.php?rest_route=%2Fwp%2Fv2%2Fcategories&post=195524"},{"taxonomy":"post_tag","embeddable":true,"href":"https:\/\/archive.sana.sy\/es\/index.php?rest_route=%2Fwp%2Fv2%2Ftags&post=195524"}],"curies":[{"name":"wp","href":"https:\/\/api.w.org\/{rel}","templated":true}]}}