{"id":195527,"date":"2021-09-03T09:50:38","date_gmt":"2021-09-03T06:50:38","guid":{"rendered":"http:\/\/107.6.182.27\/es\/?p=195527"},"modified":"2023-01-10T14:26:32","modified_gmt":"2023-01-10T12:26:32","slug":"bajas-en-filas-de-fds-en-deir-ezzor-por-explosion-de-una-carga-explosiva","status":"publish","type":"post","link":"https:\/\/archive.sana.sy\/es\/?p=195527","title":{"rendered":"Lesionados armados de la milicia FDS por explosi\u00f3n de bomba en Deir Ezzor"},"content":{"rendered":"<p style=\"text-align: justify;\"><span style=\"color: #800000;\"><strong>Deir Ezzor, SANA<\/strong><\/span><\/p>\n<p style=\"text-align: justify;\">Varios integrantes de las llamadas Fuerzas Democr\u00e1ticas de Siria (FDS) resultaron heridos por la explosi\u00f3n de una bomba al paso de su autom\u00f3vil cerca de la aldea de al-Izba en el este de la provincia de Deir Ezzor.<\/p>\n<p style=\"text-align: justify;\">Activistas locales informaron a nuestra agencia SANA que grupos populares detonaron un artefacto explosivo al paso de un coche de esta milicia apoyada por EE.UU, lo cual provoc\u00f3 lesiones a unos milicianos y la incineraci\u00f3n del auto.<\/p>\n<p style=\"text-align: justify;\">Los ataques contra FDS contin\u00faan en las \u00e1reas que controla en la regi\u00f3n siria de Al-Yazira, en respuesta a la escalada de sus pr\u00e1cticas criminales y hostigamiento a los civiles.<\/p>\n<p style=\"text-align: justify;\"><span style=\"color: #0000ff;\"><strong>sm\/rsh\/fm<\/strong><\/span><\/p>\n","protected":false},"excerpt":{"rendered":"<p>Deir Ezzor, SANA Varios integrantes de las llamadas Fuerzas Democr\u00e1ticas de Siria (FDS) resultaron heridos por la explosi\u00f3n de una bomba al paso de su autom\u00f3vil cerca de la aldea de al-Izba en el este de la provincia de Deir Ezzor. Activistas locales informaron a nuestra agencia SANA que grupos populares detonaron un artefacto explosivo &hellip;<\/p>\n","protected":false},"author":39,"featured_media":195530,"comment_status":"closed","ping_status":"closed","sticky":false,"template":"","format":"standard","meta":{"footnotes":""},"categories":[477,447,597,573,457,7541],"tags":[],"class_list":["post-195527","post","type-post","status-publish","format-standard","has-post-thumbnail","","category-noticias-edulcorantes","category-local-politica","category-cinta-de-noticias","category-la-realidad-de-los-acontecimientos-en-siria","category-noticias-arabe-internacional-politica","category-ultimas-noticias"],"_links":{"self":[{"href":"https:\/\/archive.sana.sy\/es\/index.php?rest_route=\/wp\/v2\/posts\/195527"}],"collection":[{"href":"https:\/\/archive.sana.sy\/es\/index.php?rest_route=\/wp\/v2\/posts"}],"about":[{"href":"https:\/\/archive.sana.sy\/es\/index.php?rest_route=\/wp\/v2\/types\/post"}],"author":[{"embeddable":true,"href":"https:\/\/archive.sana.sy\/es\/index.php?rest_route=\/wp\/v2\/users\/39"}],"replies":[{"embeddable":true,"href":"https:\/\/archive.sana.sy\/es\/index.php?rest_route=%2Fwp%2Fv2%2Fcomments&post=195527"}],"version-history":[{"count":0,"href":"https:\/\/archive.sana.sy\/es\/index.php?rest_route=\/wp\/v2\/posts\/195527\/revisions"}],"wp:featuredmedia":[{"embeddable":true,"href":"https:\/\/archive.sana.sy\/es\/index.php?rest_route=\/wp\/v2\/media\/195530"}],"wp:attachment":[{"href":"https:\/\/archive.sana.sy\/es\/index.php?rest_route=%2Fwp%2Fv2%2Fmedia&parent=195527"}],"wp:term":[{"taxonomy":"category","embeddable":true,"href":"https:\/\/archive.sana.sy\/es\/index.php?rest_route=%2Fwp%2Fv2%2Fcategories&post=195527"},{"taxonomy":"post_tag","embeddable":true,"href":"https:\/\/archive.sana.sy\/es\/index.php?rest_route=%2Fwp%2Fv2%2Ftags&post=195527"}],"curies":[{"name":"wp","href":"https:\/\/api.w.org\/{rel}","templated":true}]}}