{"id":195536,"date":"2021-09-03T15:20:54","date_gmt":"2021-09-03T12:20:54","guid":{"rendered":"http:\/\/107.6.182.27\/es\/?p=195536"},"modified":"2023-01-12T14:40:28","modified_gmt":"2023-01-12T12:40:28","slug":"heridos-palestinos-por-represion-israeli-en-naplusa","status":"publish","type":"post","link":"https:\/\/archive.sana.sy\/es\/?p=195536","title":{"rendered":"Heridos palestinos por represi\u00f3n israel\u00ed en Naplusa"},"content":{"rendered":"<p style=\"text-align: justify;\"><span style=\"color: #800000;\"><strong>Jerusal\u00e9n ocupada, SANA<\/strong><\/span><\/p>\n<p style=\"text-align: justify;\">Decenas de palestinos resultaron heridos despu\u00e9s de que las fuerzas de ocupaci\u00f3n israel\u00edes reprimieran una manifestaci\u00f3n contra los asentamientos en Beta, al norte de Naplusa en Cisjordania.<\/p>\n<p style=\"text-align: justify;\">Medios palestinos informaron que las fuerzas de ocupaci\u00f3n dispararon balas y botes de gas lacrim\u00f3genos contra los manifestantes que salieron en protesta contra el establecimiento de un asentamiento, lo cual provoc\u00f3 la lesi\u00f3n de uno y la asfixia de varios.<\/p>\n<p style=\"text-align: justify;\">Varios palestinos, incluidos ni\u00f1os, cayeron m\u00e1rtires y cientos resultaron heridos como resultado del asalto de las tropas del ocupante sionista contra las manifestaciones diarias en la ciudad desde el pasado mes de mayo.<\/p>\n<p style=\"text-align: justify;\"><span style=\"color: #0000ff;\"><strong>sm\/rsh<\/strong><\/span><\/p>\n","protected":false},"excerpt":{"rendered":"<p>Jerusal\u00e9n ocupada, SANA Decenas de palestinos resultaron heridos despu\u00e9s de que las fuerzas de ocupaci\u00f3n israel\u00edes reprimieran una manifestaci\u00f3n contra los asentamientos en Beta, al norte de Naplusa en Cisjordania. Medios palestinos informaron que las fuerzas de ocupaci\u00f3n dispararon balas y botes de gas lacrim\u00f3genos contra los manifestantes que salieron en protesta contra el establecimiento &hellip;<\/p>\n","protected":false},"author":39,"featured_media":195537,"comment_status":"closed","ping_status":"closed","sticky":false,"template":"","format":"standard","meta":{"footnotes":""},"categories":[597,456],"tags":[],"class_list":["post-195536","post","type-post","status-publish","format-standard","has-post-thumbnail","","category-cinta-de-noticias","category-arabe-internacional-politica"],"_links":{"self":[{"href":"https:\/\/archive.sana.sy\/es\/index.php?rest_route=\/wp\/v2\/posts\/195536"}],"collection":[{"href":"https:\/\/archive.sana.sy\/es\/index.php?rest_route=\/wp\/v2\/posts"}],"about":[{"href":"https:\/\/archive.sana.sy\/es\/index.php?rest_route=\/wp\/v2\/types\/post"}],"author":[{"embeddable":true,"href":"https:\/\/archive.sana.sy\/es\/index.php?rest_route=\/wp\/v2\/users\/39"}],"replies":[{"embeddable":true,"href":"https:\/\/archive.sana.sy\/es\/index.php?rest_route=%2Fwp%2Fv2%2Fcomments&post=195536"}],"version-history":[{"count":0,"href":"https:\/\/archive.sana.sy\/es\/index.php?rest_route=\/wp\/v2\/posts\/195536\/revisions"}],"wp:featuredmedia":[{"embeddable":true,"href":"https:\/\/archive.sana.sy\/es\/index.php?rest_route=\/wp\/v2\/media\/195537"}],"wp:attachment":[{"href":"https:\/\/archive.sana.sy\/es\/index.php?rest_route=%2Fwp%2Fv2%2Fmedia&parent=195536"}],"wp:term":[{"taxonomy":"category","embeddable":true,"href":"https:\/\/archive.sana.sy\/es\/index.php?rest_route=%2Fwp%2Fv2%2Fcategories&post=195536"},{"taxonomy":"post_tag","embeddable":true,"href":"https:\/\/archive.sana.sy\/es\/index.php?rest_route=%2Fwp%2Fv2%2Ftags&post=195536"}],"curies":[{"name":"wp","href":"https:\/\/api.w.org\/{rel}","templated":true}]}}