{"id":195541,"date":"2021-09-03T16:11:02","date_gmt":"2021-09-03T13:11:02","guid":{"rendered":"http:\/\/107.6.182.27\/es\/?p=195541"},"modified":"2023-01-12T14:40:28","modified_gmt":"2023-01-12T12:40:28","slug":"parlamentario-checo-las-injerencias-de-washington-han-provocado-la-muerte-de-millones","status":"publish","type":"post","link":"https:\/\/archive.sana.sy\/es\/?p=195541","title":{"rendered":"Parlamentario checo: las injerencias de Washington han provocado la muerte de millones"},"content":{"rendered":"<p style=\"text-align: justify;\"><span style=\"color: #800000;\"><strong>Praga, SANA<\/strong><\/span><\/p>\n<p style=\"text-align: justify;\">El parlamentario checo, Pavl Belink, afirm\u00f3 que las ingerencias de EE.UU. en los asuntos de terceros pa\u00edses han provocado tragedias, y llam\u00f3 a respetar la soberan\u00eda de esos pa\u00edses y no inmiscuirse en sus asuntos.<\/p>\n<p style=\"text-align: justify;\">En una pl\u00e1tica con el portal electr\u00f3nico, Parlamentary Papers, Belink dijo que el intervencionismo estadounidense en Siria, Irak, Libia y Afganist\u00e1n ha causado el asesinato y desarraigo de millones, as\u00ed como el ascenso del extremismo en la regi\u00f3n.<\/p>\n<p style=\"text-align: justify;\">Belink critic\u00f3 los dobles rasesros de los pa\u00edses de Occidente, y consider\u00f3 lo ocurrido en Aganist\u00e1n como una derrota total de EE.UU. y un fracaso de sus servicios de inteligencia.<\/p>\n<p style=\"text-align: justify;\"><span style=\"color: #0000ff;\"><strong>rsh\/sm<\/strong><\/span><\/p>\n","protected":false},"excerpt":{"rendered":"<p>Praga, SANA El parlamentario checo, Pavl Belink, afirm\u00f3 que las ingerencias de EE.UU. en los asuntos de terceros pa\u00edses han provocado tragedias, y llam\u00f3 a respetar la soberan\u00eda de esos pa\u00edses y no inmiscuirse en sus asuntos. En una pl\u00e1tica con el portal electr\u00f3nico, Parlamentary Papers, Belink dijo que el intervencionismo estadounidense en Siria, Irak, &hellip;<\/p>\n","protected":false},"author":39,"featured_media":195542,"comment_status":"closed","ping_status":"closed","sticky":false,"template":"","format":"standard","meta":{"footnotes":""},"categories":[597,456],"tags":[],"class_list":["post-195541","post","type-post","status-publish","format-standard","has-post-thumbnail","","category-cinta-de-noticias","category-arabe-internacional-politica"],"_links":{"self":[{"href":"https:\/\/archive.sana.sy\/es\/index.php?rest_route=\/wp\/v2\/posts\/195541"}],"collection":[{"href":"https:\/\/archive.sana.sy\/es\/index.php?rest_route=\/wp\/v2\/posts"}],"about":[{"href":"https:\/\/archive.sana.sy\/es\/index.php?rest_route=\/wp\/v2\/types\/post"}],"author":[{"embeddable":true,"href":"https:\/\/archive.sana.sy\/es\/index.php?rest_route=\/wp\/v2\/users\/39"}],"replies":[{"embeddable":true,"href":"https:\/\/archive.sana.sy\/es\/index.php?rest_route=%2Fwp%2Fv2%2Fcomments&post=195541"}],"version-history":[{"count":0,"href":"https:\/\/archive.sana.sy\/es\/index.php?rest_route=\/wp\/v2\/posts\/195541\/revisions"}],"wp:featuredmedia":[{"embeddable":true,"href":"https:\/\/archive.sana.sy\/es\/index.php?rest_route=\/wp\/v2\/media\/195542"}],"wp:attachment":[{"href":"https:\/\/archive.sana.sy\/es\/index.php?rest_route=%2Fwp%2Fv2%2Fmedia&parent=195541"}],"wp:term":[{"taxonomy":"category","embeddable":true,"href":"https:\/\/archive.sana.sy\/es\/index.php?rest_route=%2Fwp%2Fv2%2Fcategories&post=195541"},{"taxonomy":"post_tag","embeddable":true,"href":"https:\/\/archive.sana.sy\/es\/index.php?rest_route=%2Fwp%2Fv2%2Ftags&post=195541"}],"curies":[{"name":"wp","href":"https:\/\/api.w.org\/{rel}","templated":true}]}}