{"id":195545,"date":"2021-09-03T18:04:15","date_gmt":"2021-09-03T15:04:15","guid":{"rendered":"http:\/\/107.6.182.27\/es\/?p=195545"},"modified":"2021-09-03T18:04:37","modified_gmt":"2021-09-03T15:04:37","slug":"algunos-paises-politizan-el-expediente-quimico-de-siria-afirma-teheran","status":"publish","type":"post","link":"https:\/\/archive.sana.sy\/es\/?p=195545","title":{"rendered":"Algunos pa\u00edses politizan el expediente qu\u00edmico de Siria, afirma Teher\u00e1n"},"content":{"rendered":"<p style=\"text-align: justify;\"><span style=\"color: #800000;\"><strong>Nueva York, SANA<\/strong><\/span><\/p>\n<p style=\"text-align: justify;\">La Rep\u00fablica Isl\u00e1mica de Ir\u00e1n enfatiz\u00f3 en la necesidad de frenar las pr\u00e1cticas que debilitan la Convenci\u00f3n sobre Prohibici\u00f3n de Armas Qu\u00edmicas y el estatus de la Organizaci\u00f3n para la Prohibici\u00f3n de las Armas Qu\u00edmicas (OPAQ) mediante la politizaci\u00f3n adoptada por algunos pa\u00edses hacia ciertos expedientes.<\/p>\n<p style=\"text-align: justify;\">La representante adjunta de Ir\u00e1n ante la Organizaci\u00f3n de Naciones Unidas (ONU), Zahra Ershadi, elogi\u00f3 durante un debate del Consejo de Seguridad, los esfuerzos del gobierno sirio para implementar sus obligaciones en el marco del acuerdo, e indic\u00f3 que el cumplimiento de Siria de sus obligaciones es una muestra de la importancia de los esfuerzos realizados por el pa\u00eds.<\/p>\n<p style=\"text-align: justify;\">Ershadi tambi\u00e9n lament\u00f3 la politizaci\u00f3n del expediente qu\u00edmico en Siria por algunos pa\u00edses.<\/p>\n<p style=\"text-align: justify;\">La diplom\u00e1tica iran\u00ed acogi\u00f3 con agrado la entrega de Siria de su 93\u00ba informe mensual sobre actividades relacionadas con la destrucci\u00f3n de armas qu\u00edmicas y sus instalaciones de producci\u00f3n.<\/p>\n<p style=\"text-align: justify;\">\u201cRenovamos nuestro pleno apoyo al acuerdo y pedimos que el mismo incluya a todo el mundo, incluido Israel\u201d, concluy\u00f3 la delegada iran\u00ed.<\/p>\n<p style=\"text-align: justify;\"><span style=\"color: #0000ff;\"><strong>sm\/fm<\/strong><\/span><\/p>\n","protected":false},"excerpt":{"rendered":"<p>Nueva York, SANA La Rep\u00fablica Isl\u00e1mica de Ir\u00e1n enfatiz\u00f3 en la necesidad de frenar las pr\u00e1cticas que debilitan la Convenci\u00f3n sobre Prohibici\u00f3n de Armas Qu\u00edmicas y el estatus de la Organizaci\u00f3n para la Prohibici\u00f3n de las Armas Qu\u00edmicas (OPAQ) mediante la politizaci\u00f3n adoptada por algunos pa\u00edses hacia ciertos expedientes. La representante adjunta de Ir\u00e1n ante &hellip;<\/p>\n","protected":false},"author":39,"featured_media":195546,"comment_status":"closed","ping_status":"closed","sticky":false,"template":"","format":"standard","meta":{"footnotes":""},"categories":[597,467,7541],"tags":[],"class_list":["post-195545","post","type-post","status-publish","format-standard","has-post-thumbnail","","category-cinta-de-noticias","category-siria-y-el-mundo","category-ultimas-noticias"],"_links":{"self":[{"href":"https:\/\/archive.sana.sy\/es\/index.php?rest_route=\/wp\/v2\/posts\/195545"}],"collection":[{"href":"https:\/\/archive.sana.sy\/es\/index.php?rest_route=\/wp\/v2\/posts"}],"about":[{"href":"https:\/\/archive.sana.sy\/es\/index.php?rest_route=\/wp\/v2\/types\/post"}],"author":[{"embeddable":true,"href":"https:\/\/archive.sana.sy\/es\/index.php?rest_route=\/wp\/v2\/users\/39"}],"replies":[{"embeddable":true,"href":"https:\/\/archive.sana.sy\/es\/index.php?rest_route=%2Fwp%2Fv2%2Fcomments&post=195545"}],"version-history":[{"count":0,"href":"https:\/\/archive.sana.sy\/es\/index.php?rest_route=\/wp\/v2\/posts\/195545\/revisions"}],"wp:featuredmedia":[{"embeddable":true,"href":"https:\/\/archive.sana.sy\/es\/index.php?rest_route=\/wp\/v2\/media\/195546"}],"wp:attachment":[{"href":"https:\/\/archive.sana.sy\/es\/index.php?rest_route=%2Fwp%2Fv2%2Fmedia&parent=195545"}],"wp:term":[{"taxonomy":"category","embeddable":true,"href":"https:\/\/archive.sana.sy\/es\/index.php?rest_route=%2Fwp%2Fv2%2Fcategories&post=195545"},{"taxonomy":"post_tag","embeddable":true,"href":"https:\/\/archive.sana.sy\/es\/index.php?rest_route=%2Fwp%2Fv2%2Ftags&post=195545"}],"curies":[{"name":"wp","href":"https:\/\/api.w.org\/{rel}","templated":true}]}}