{"id":195558,"date":"2021-09-03T15:20:32","date_gmt":"2021-09-03T12:20:32","guid":{"rendered":"http:\/\/107.6.182.27\/es\/?p=195558"},"modified":"2023-01-12T14:40:28","modified_gmt":"2023-01-12T12:40:28","slug":"represion-sionista-deja-decenas-de-palestinos-heridos","status":"publish","type":"post","link":"https:\/\/archive.sana.sy\/es\/?p=195558","title":{"rendered":"Represi\u00f3n sionista deja decenas de palestinos heridos"},"content":{"rendered":"<p><span style=\"color: #800000;\">Jerusal\u00e9n ocupada, SANA<\/span><\/p>\n<p style=\"text-align: justify;\">Decenas de palestinos resultaron heridos este viernes por acciones represivas de las fuerzas de ocupaci\u00f3n israel\u00edes contra una manifestaci\u00f3n palestina, en la localidad de Beita, al sur de la ciudad de Naplusa en Cisjordania.<\/p>\n<p style=\"text-align: justify;\">Los medios palestinos informaron que la ocupaci\u00f3n abri\u00f3 fuego y dispar\u00f3 gas lacrim\u00f3geno contra los palestinos que protestaban contra la pol\u00edtica de asentamientos en el monte Sabeih, lo que provoc\u00f3 heridas a un palestino mientras decenas sufrieron asfixias.<\/p>\n<p style=\"text-align: justify;\">Desde mayo \u00faltimo, varios palestinos, incluidos ni\u00f1os, murieron, y otros cientos resultaron heridos como resultado de la represi\u00f3n de las fuerzas de ocupaci\u00f3n contra las manifestaciones que salen a diario en la referida localidad contra el establecimiento de un asentamiento en la cima del monte Sbeih, al sur de Naplusa.<\/p>\n<p style=\"text-align: justify;\">Asimismo, decenas de palestinos resultaron heridos cuando las fuerzas de ocupaci\u00f3n sionistas reprimieron la manifestaci\u00f3n semanal en el pueblo de Kafr Qaddoum contra la pol\u00edtica colonialista de Israel y para exigir la reapertura de una calle cerrada desde hace 17 a\u00f1os.<\/p>\n<p style=\"text-align: justify;\">El coordinador de la Resistencia Popular, Murad Shtewi, comunic\u00f3 a la agencia WAFA, que las fuerzas de ocupaci\u00f3n irrumpieron en el pueblo, donde abrieron fuego y dispararon gas lacrim\u00f3geno contra los protestantes.<\/p>\n<p style=\"text-align: justify;\">\u201cEsta acci\u00f3n caus\u00f3 lesiones a un joven y decenas de asfixiados\u201d, detall\u00f3.<\/p>\n<p><span style=\"color: #0000ff;\">rr\/fm<\/span><\/p>\n","protected":false},"excerpt":{"rendered":"<p>Jerusal\u00e9n ocupada, SANA Decenas de palestinos resultaron heridos este viernes por acciones represivas de las fuerzas de ocupaci\u00f3n israel\u00edes contra una manifestaci\u00f3n palestina, en la localidad de Beita, al sur de la ciudad de Naplusa en Cisjordania. Los medios palestinos informaron que la ocupaci\u00f3n abri\u00f3 fuego y dispar\u00f3 gas lacrim\u00f3geno contra los palestinos que protestaban &hellip;<\/p>\n","protected":false},"author":31,"featured_media":195560,"comment_status":"closed","ping_status":"closed","sticky":false,"template":"","format":"standard","meta":{"footnotes":""},"categories":[597,456,7541],"tags":[],"class_list":["post-195558","post","type-post","status-publish","format-standard","has-post-thumbnail","","category-cinta-de-noticias","category-arabe-internacional-politica","category-ultimas-noticias"],"_links":{"self":[{"href":"https:\/\/archive.sana.sy\/es\/index.php?rest_route=\/wp\/v2\/posts\/195558"}],"collection":[{"href":"https:\/\/archive.sana.sy\/es\/index.php?rest_route=\/wp\/v2\/posts"}],"about":[{"href":"https:\/\/archive.sana.sy\/es\/index.php?rest_route=\/wp\/v2\/types\/post"}],"author":[{"embeddable":true,"href":"https:\/\/archive.sana.sy\/es\/index.php?rest_route=\/wp\/v2\/users\/31"}],"replies":[{"embeddable":true,"href":"https:\/\/archive.sana.sy\/es\/index.php?rest_route=%2Fwp%2Fv2%2Fcomments&post=195558"}],"version-history":[{"count":0,"href":"https:\/\/archive.sana.sy\/es\/index.php?rest_route=\/wp\/v2\/posts\/195558\/revisions"}],"wp:featuredmedia":[{"embeddable":true,"href":"https:\/\/archive.sana.sy\/es\/index.php?rest_route=\/wp\/v2\/media\/195560"}],"wp:attachment":[{"href":"https:\/\/archive.sana.sy\/es\/index.php?rest_route=%2Fwp%2Fv2%2Fmedia&parent=195558"}],"wp:term":[{"taxonomy":"category","embeddable":true,"href":"https:\/\/archive.sana.sy\/es\/index.php?rest_route=%2Fwp%2Fv2%2Fcategories&post=195558"},{"taxonomy":"post_tag","embeddable":true,"href":"https:\/\/archive.sana.sy\/es\/index.php?rest_route=%2Fwp%2Fv2%2Ftags&post=195558"}],"curies":[{"name":"wp","href":"https:\/\/api.w.org\/{rel}","templated":true}]}}