{"id":195565,"date":"2021-09-03T15:19:18","date_gmt":"2021-09-03T12:19:18","guid":{"rendered":"http:\/\/107.6.182.27\/es\/?p=195565"},"modified":"2021-09-03T22:05:34","modified_gmt":"2021-09-03T19:05:34","slug":"exjefe-de-inteligencia-egipcia-las-defensas-antiaereas-sirias-abortaron-los-ataques-israelies","status":"publish","type":"post","link":"https:\/\/archive.sana.sy\/es\/?p=195565","title":{"rendered":"Exjefe de inteligencia egipcia: las defensas antia\u00e9reas sirias abortaron los ataques israel\u00edes"},"content":{"rendered":"<p><span style=\"color: #800000;\">El Cairo, SANA<\/span><\/p>\n<p style=\"text-align: justify;\">El ex jefe del Servicio de Inteligencia de Egipto, el mayor general Muhammad Rashad, afirm\u00f3 que las defensas antia\u00e9reas sirias frustraron los ataques de la entidad israel\u00ed, y destac\u00f3 su \u00e9xito en derribar la mayor\u00eda de los cohetes en el reciente ataque.<\/p>\n<p style=\"text-align: justify;\">En una declaraci\u00f3n exclusiva al corresponsal de SANA en El Cairo, Rashad indic\u00f3 que Siria es el eje del frente de resistencia y se mantiene firme frente a la intransigencia de la entidad de ocupaci\u00f3n.<\/p>\n<p style=\"text-align: justify;\">Destac\u00f3 el \u00e9xito logrado por los medios de defensa a\u00e9rea sirios al frustrar las agresiones israel\u00edes.<\/p>\n<p><span style=\"color: #0000ff;\">fm\/rr<\/span><\/p>\n","protected":false},"excerpt":{"rendered":"<p>El Cairo, SANA El ex jefe del Servicio de Inteligencia de Egipto, el mayor general Muhammad Rashad, afirm\u00f3 que las defensas antia\u00e9reas sirias frustraron los ataques de la entidad israel\u00ed, y destac\u00f3 su \u00e9xito en derribar la mayor\u00eda de los cohetes en el reciente ataque. En una declaraci\u00f3n exclusiva al corresponsal de SANA en El &hellip;<\/p>\n","protected":false},"author":31,"featured_media":195566,"comment_status":"closed","ping_status":"closed","sticky":false,"template":"","format":"standard","meta":{"footnotes":""},"categories":[597,467,7541],"tags":[],"class_list":["post-195565","post","type-post","status-publish","format-standard","has-post-thumbnail","","category-cinta-de-noticias","category-siria-y-el-mundo","category-ultimas-noticias"],"_links":{"self":[{"href":"https:\/\/archive.sana.sy\/es\/index.php?rest_route=\/wp\/v2\/posts\/195565"}],"collection":[{"href":"https:\/\/archive.sana.sy\/es\/index.php?rest_route=\/wp\/v2\/posts"}],"about":[{"href":"https:\/\/archive.sana.sy\/es\/index.php?rest_route=\/wp\/v2\/types\/post"}],"author":[{"embeddable":true,"href":"https:\/\/archive.sana.sy\/es\/index.php?rest_route=\/wp\/v2\/users\/31"}],"replies":[{"embeddable":true,"href":"https:\/\/archive.sana.sy\/es\/index.php?rest_route=%2Fwp%2Fv2%2Fcomments&post=195565"}],"version-history":[{"count":0,"href":"https:\/\/archive.sana.sy\/es\/index.php?rest_route=\/wp\/v2\/posts\/195565\/revisions"}],"wp:featuredmedia":[{"embeddable":true,"href":"https:\/\/archive.sana.sy\/es\/index.php?rest_route=\/wp\/v2\/media\/195566"}],"wp:attachment":[{"href":"https:\/\/archive.sana.sy\/es\/index.php?rest_route=%2Fwp%2Fv2%2Fmedia&parent=195565"}],"wp:term":[{"taxonomy":"category","embeddable":true,"href":"https:\/\/archive.sana.sy\/es\/index.php?rest_route=%2Fwp%2Fv2%2Fcategories&post=195565"},{"taxonomy":"post_tag","embeddable":true,"href":"https:\/\/archive.sana.sy\/es\/index.php?rest_route=%2Fwp%2Fv2%2Ftags&post=195565"}],"curies":[{"name":"wp","href":"https:\/\/api.w.org\/{rel}","templated":true}]}}