{"id":195590,"date":"2021-09-04T10:46:48","date_gmt":"2021-09-04T07:46:48","guid":{"rendered":"http:\/\/107.6.182.27\/es\/?p=195590"},"modified":"2023-01-10T15:09:17","modified_gmt":"2023-01-10T13:09:17","slug":"resumen-semanal-de-las-noticias-economicas-mas-importantes-de-siria-6","status":"publish","type":"post","link":"https:\/\/archive.sana.sy\/es\/?p=195590","title":{"rendered":"Resumen semanal de las noticias econ\u00f3micas m\u00e1s importantes de Siria"},"content":{"rendered":"<p style=\"text-align: justify;\"><strong><span style=\"color: #800000;\">Damasco SANA\u00a0<\/span><\/strong><\/p>\n<p style=\"text-align: justify;\"><strong>A continuaci\u00f3n, resumen semanal de noticias que muestran la recuperaci\u00f3n de Siria a pesar del bloqueo, las sanciones y la guerra:<\/strong><\/p>\n<p style=\"text-align: justify;\"><strong><span style=\"color: #0000ff;\">180 empresas nacionales participan en feria de vestimenta \u201cMade in Syria\u201d 2021-2022<\/span><\/strong><\/p>\n<p style=\"text-align: justify;\">M\u00e1s de 180 empresas nacionales participaron el jueves en la exposici\u00f3n \u201cMade in Syria\u201d (Hecho en Siria) para prendas de vestir y textiles temporada oto\u00f1o e invierno 2021-2022.<\/p>\n<p style=\"text-align: justify;\">El evento se desarroll\u00f3 en la ciudad ferial de Damasco y dur\u00f3 cuatro d\u00edas, seg\u00fan informaci\u00f3n facilitada por el miembro del comit\u00e9 organizador, Mohamad Zezan.<\/p>\n<p style=\"text-align: justify;\">Las empresas participantes se especializan en ropa de hombres, ni\u00f1os y mujeres, lencer\u00eda de algod\u00f3n y tejidos, calidad destinada a la exportaci\u00f3n, y son de varias provincias, especialmente de Alepo y Damasco, se\u00f1al\u00f3.<\/p>\n<p style=\"text-align: justify;\">Subray\u00f3 que la entidad organizadora dirigi\u00f3 invitaciones a cientos de empresarios sirios y extranjeros, en particular Irak, con el fin de concretar acuerdos y contratos para la exportaci\u00f3n de productos textiles sirios.<\/p>\n<h3 style=\"text-align: justify;\"><span style=\"color: #0000ff;\">180 empresas participan en feria especializada en exportaci\u00f3n de prendas de vestir y textiles\u00a0<\/span><\/h3>\n<p style=\"text-align: justify;\">Con la participaci\u00f3n de m\u00e1s de 180 empresas nacionales, arranc\u00f3 en la Ciudad de Ferias de Damasco las actividades de la exposici\u00f3n especializada de exportaci\u00f3n de prendas de vestir y textiles \u201cMade in Syria\u201d Oto\u00f1o e Invierno 2021-2022, organizada por la Federaci\u00f3n de C\u00e1maras de Industria y Comercio de Siria y la Asociaci\u00f3n de Exportadores de Siria para Confecci\u00f3n y Textiles.<\/p>\n<p style=\"text-align: justify;\">Las empresas que participaron\u00a0 en la exposici\u00f3n de cuatro d\u00edas mostraron\u00a0 los \u00faltimos modelos de diversos tipos de ropa, tejidos y requisitos de producci\u00f3n para hombres, ni\u00f1os y mujeres, dirigidos a los mercados de los pa\u00edses vecinos a trav\u00e9s de cientos de empresarios invitados de muchos pa\u00edses, especialmente de Irak para realizar acuerdos para exportar estos productos a los mercados de esos pa\u00edses.<\/p>\n<p style=\"text-align: justify;\">El ministro de Econom\u00eda y Comercio Exterior, Muhammad Samer al-Khalil indic\u00f3 en una declaraci\u00f3n a SANA que la exhibici\u00f3n incluy\u00f3 las \u00faltimas novedades en productos textiles finos, y se\u00f1al\u00f3 que el producto local a\u00fan mantiene una alta calidad que es competitiva en el mercado.<\/p>\n<p style=\"text-align: justify;\">El ministro de Industria, Ziad Sabbagh, marc\u00f3 que la exposici\u00f3n indica que la industria siria est\u00e1 bien y confirma que hay un desarrollo en productos que satisfacen los deseos de los consumidores, ya sea dentro o fuera del pa\u00eds, se\u00f1alando que nuestra industria ha comenzado a volver a su antiguo esplendor.<\/p>\n<h3 style=\"text-align: justify;\"><span style=\"color: #0000ff;\">Escuelas de Damasco listas para recibir a 320 mil ni\u00f1os<\/span><\/h3>\n<p style=\"text-align: justify;\">Los departamentos de Educaci\u00f3n de Ciudad de Damasco y de Damasco-campo completaron los preparativos necesarios para recibir el nuevo a\u00f1o escolar el pr\u00f3ximo domingo 5 de septiembre.<\/p>\n<p style=\"text-align: justify;\">Seg\u00fan afirman las autoridades del sector a la agencia SANA, este a\u00f1o 710 escuelas en Damasco recibir\u00e1n a 320 mil alumnos de todas las etapas de ense\u00f1anza.<\/p>\n<p style=\"text-align: justify;\">Agregaron que en la provincia de Damasco-campo, 11 nuevas escuelas reabrieron su puertas tras ser reconstruidas, mientras se entregaron 5.5 millones de libros escolares.<\/p>\n<h3 style=\"text-align: justify;\"><span style=\"color: #0000ff;\">Arnous: por una participaci\u00f3n digna de la civilizaci\u00f3n de Siria en la Expo Dub\u00e1i 2020<\/span><\/h3>\n<p style=\"text-align: justify;\">El primer ministro de Siria, Hussein Arnous, encabez\u00f3 hoy una reuni\u00f3n para discutir los preparativos en curso y el papel de los organismos p\u00fablicos y privados para garantizar una destacada participaci\u00f3n de Siria en la Exposici\u00f3n Mundial de Dub\u00e1i 2020.<\/p>\n<p style=\"text-align: justify;\">Dub\u00e1i Expo 2020 comenzar\u00e1 el 1 de octubre y en la cual participar\u00e1 Siria para reflejar su protagonismo en los campos econ\u00f3mico, cultural y tur\u00edstico, en consonancia con el lema de la exposici\u00f3n \u201cConectar mentes, crear el futuro\u201d.<\/p>\n<p style=\"text-align: justify;\">Arnous destac\u00f3 la necesidad de realizar los m\u00e1ximos esfuerzos para lograr la participaci\u00f3n efectiva de Siria en la exposici\u00f3n y aprovechar las oportunidades econ\u00f3micas y de inversi\u00f3n que ofrece, incluido el fortalecimiento de los lazos con empresarios y actores econ\u00f3micos de varios pa\u00edses del mundo.<\/p>\n<p style=\"text-align: justify;\">Durante la reuni\u00f3n, se decidi\u00f3 asignar a los ministerios pertinentes: \u201cEconom\u00eda, Turismo, Industria, Cultura, Informaci\u00f3n y Transporte\u201d para determinar los eventos necesarios que se celebrar\u00e1n a lo largo de la exposici\u00f3n en coordinaci\u00f3n y cooperaci\u00f3n con los actores econ\u00f3micos nacionales.<\/p>\n<h3 style=\"text-align: justify;\"><span style=\"color: #0000ff;\">Salud lanza una campa\u00f1a masiva para vacunar a ciudadanos contra Covid-19<\/span><\/h3>\n<p style=\"text-align: justify;\">El director de Emergencias del Ministerio de Salud, Tawfiq Hasaba, revel\u00f3 que el Ministerio de Salud lanz\u00f3 una amplia campa\u00f1a para vacunar a los ciudadanos mayores de 18 a\u00f1os contra el virus Covid-19, el pr\u00f3ximo domingo 9-5-2021, hasta el jueves, 16-9-2021.<\/p>\n<p style=\"text-align: justify;\">Hasaba explic\u00f3 en una declaraci\u00f3n a SANA que la campa\u00f1a se realizar\u00e1 a trav\u00e9s de 200 centros de salud, hospitales y equipos m\u00f3viles ubicados en puntos fijos en todas las provincias.<\/p>\n<p style=\"text-align: justify;\">Se\u00f1al\u00f3 que est\u00e1n excluidos los ni\u00f1os menores de 18 a\u00f1os, las mujeres embarazadas y lactantes, y las personas con antecedentes de alergia a la vacuna.<\/p>\n<h3 style=\"text-align: justify;\"><span style=\"color: #0000ff;\">Las playas de Banias se deshacen de la contaminaci\u00f3n\u00a0<\/span><\/h3>\n<p style=\"text-align: justify;\">La provincia de Tartous concluy\u00f3 los trabajos de eliminaci\u00f3n de manchas de fuel en la playa y en aguas territoriales, as\u00ed la situaci\u00f3n ser\u00e1 vigilada durante tres d\u00edas para asegurarse de que la playa est\u00e9 libre de cualquier contaminaci\u00f3n.<\/p>\n<p style=\"text-align: justify;\">El Ing, Bassam Hamoud, vicepresidente de la Oficina Ejecutiva de la Gobernaci\u00f3n de Tartous, dijo que a lo largo de tres d\u00edas se trabaj\u00f3 por quitar las manchas de fuel en la playa de la ciudad de Banias, y en el proceso participaron maquinarias de diferentes empresas adem\u00e1s de la embarcaci\u00f3n Busra al-Sham especializada en la descontaminaci\u00f3n mar\u00edtima.<\/p>\n<p style=\"text-align: justify;\">Es de recordar que unas cantidades de fuel se infiltraron de uno de los tanques de la planta t\u00e9rmica de Banias y provoc\u00f3 la contaminaci\u00f3n de las playas all\u00ed.<\/p>\n<h3 style=\"text-align: justify;\"><span style=\"color: #0000ff;\">69 equipos nacionales compiten en Concurso de Programaci\u00f3n Universitaria<\/span><\/h3>\n<p style=\"text-align: justify;\">69 equipos compitieron hoy en la und\u00e9cima final nacional del Concurso de Programaci\u00f3n Universitaria para el a\u00f1o 2021, los equipos ganadores se clasificar\u00e1n a la competici\u00f3n regional \u00e1rabe que se celebrar\u00e1 en Egipto durante el mes de noviembre pr\u00f3ximo.<\/p>\n<p style=\"text-align: justify;\">Los equipos participantes representaron a 16 universidades p\u00fablicas y privadas, institutos superiores y otras instituciones educativas.<\/p>\n<p style=\"text-align: justify;\">El profesor en la Facultad de Ingenier\u00eda Inform\u00e1tica de la Universidad de Damasco y coordinador del concurso, Obay Sandoq, inform\u00f3 a SANA que la competici\u00f3n incluye un conjunto de desaf\u00edos de programaci\u00f3n a resolver, donde cada equipo incluye a tres competidores trabajando en una computadora para resolver un conjunto de 13 temas de software cuya soluci\u00f3n requiere la creaci\u00f3n de algoritmos por parte de los concursantes y un pensamiento metodol\u00f3gico.<\/p>\n<h3 style=\"text-align: justify;\"><span style=\"color: #0000ff;\">Ampl\u00edan departamento de aislamiento anti Covid-19 en hospital de Qamishli<\/span><\/h3>\n<p style=\"text-align: justify;\">El hospital de Qamishli ampli\u00f3 el departamento de aislamiento m\u00e9dico para recibir m\u00e1s casos con Covid-19.<\/p>\n<p style=\"text-align: justify;\">El director de la instituci\u00f3n, Omar al-Akoub, declar\u00f3 a SANA que el departamento est\u00e1 equipado con planta de Ox\u00edgeno, mascarillas de ox\u00edgeno para nebulizaci\u00f3n, dispositivos de choque el\u00e9ctrico, electrocardi\u00f3grafos, dispositivos de soporte de ox\u00edgeno y aspirador de secreciones, entre otros equipos.<\/p>\n<p style=\"text-align: justify;\">Agreg\u00f3 que 12 camas se agregaron al departamento aumentando su capacidad 36 camas.<\/p>\n<p style=\"text-align: justify;\">A su vez, el responsable del departamento de aislamiento, John Al-Farah, se\u00f1al\u00f3 que la secci\u00f3n de aislamiento est\u00e1 equipada con todos los requisitos para brindar servicios m\u00e9dicos a los infectados con el nuevo Coronavirus.<\/p>\n<p style=\"text-align: justify;\">Indic\u00f3 que el hospital recibir\u00e1 pronto 25 toneladas de medicamentos y sueros.<\/p>\n<h3 style=\"text-align: justify;\"><span style=\"color: #0000ff;\">Aeropuerto de Alepo recibir\u00e1 este s\u00e1bado el primer vuelo procedente del exterior<\/span><\/h3>\n<p style=\"text-align: justify;\">El Ministerio de Transporte anunci\u00f3 hoy que el Aeropuerto Internacional de Alepo recibir\u00e1 el pr\u00f3ximo s\u00e1bado el primer vuelo regular procedente del exterior.<\/p>\n<p style=\"text-align: justify;\">El avi\u00f3n que aterrizar\u00e1 en Alepo despegar\u00e1 desde la capital Erev\u00e1n, marcando el regreso del tr\u00e1fico a\u00e9reo entre Siria y Armenia.<\/p>\n<h3 class=\"name post-title entry-title\" style=\"text-align: justify;\"><span style=\"color: #0000ff;\">Antiguo zoco de Alepo recupera su magia\u00a0<\/span><\/h3>\n<p style=\"text-align: justify;\">Con arduo trabajo y gran esfuerzo, el antiguo zoco Khan al-Harir y la plaza al-Fostok recuperaron su magia despu\u00e9s de una interrupci\u00f3n forzada impuesta por el terrorismo, as\u00ed lo anunciaron la Secretar\u00eda Siria para el Desarrollo y el ayuntamiento de Alepo.<\/p>\n<h3 style=\"text-align: justify;\"><span style=\"color: #0000ff;\">Clausura festival cultural Noches de Alepo\u00a0<\/span><\/h3>\n<p style=\"text-align: justify;\">Las actividades del Festival \u201cNoches de Alepo\u201d, organizado por la provincia de Alepo y la Fundaci\u00f3n Siria para el Desarrollo, concluyeron en el zoco antiguo de Khan al-Harir, con una exposici\u00f3n de arte en la que participaron cinco artistas pl\u00e1sticos que exhibieron 38 cuadros sobre el folclore popular antiguo y la arquitectura.<\/p>\n<p style=\"text-align: justify;\">En una declaraci\u00f3n a SANA, Hala Mahrousa, asistente ejecutiva de la Fundaci\u00f3n Siria para el Desarrollo, dijo que el objetivo del evento es arrojar luz sobre la cultura y los talentos que acoge la ciudad de Alepo y revivir los mercados antiguos que fueron recientemente restaurados.<\/p>\n<p style=\"text-align: justify;\">Varios visitantes de la exposici\u00f3n expresaron su alegr\u00eda por organizar la exposici\u00f3n en el mercado de Khan Al Harir lo cual constituy\u00f3 una armon\u00eda entre el pasado y la antigua herencia de Alepo mediante el uso de t\u00e9cnicas de arte abstracto y colores de acr\u00edlico.<\/p>\n<h3 style=\"text-align: justify;\"><span style=\"color: #0000ff;\">59 equipos compiten en el Campeonato Nacional de la Olimpiada Mundial de Robots 2021<\/span><\/h3>\n<p style=\"text-align: justify;\">Con la participaci\u00f3n de 59 equipos de clubes de rob\u00f3tica de varias provincias,\u00a0 arranc\u00f3 este martes el Campeonato Nacional de la Olimpiada Mundial de Robots para 2021, organizado por el Departamento de Olimpiadas Cient\u00edficas Sirias en el Hotel Ebla y Palacio de Congresos en Damasco.<\/p>\n<p style=\"text-align: justify;\">El torneo, que se lleva a cabo bajo el t\u00edtulo \u201cEl futuro de la energ\u00eda\u201d, incluye tres competencias, la competencia regular, en la que se inscribieron 43 equipos, divididos en tres grupos de edad: \u201cCategor\u00eda primaria para edades de 10 a 13 a\u00f1os\u201d, \u201ccategor\u00eda intermedia edades de 13 a 16 a\u00f1os \u201dy\u201c Categor\u00eda superior\u00a0 para edades de \u00a016 a 19 a\u00f1os\u201d.<\/p>\n<p style=\"text-align: justify;\">En cuanto a la segunda competencia, \u00a0se inscribieron 9 equipos, mientras que en la tercera competencia, \u201cIngenieros del Futuro\u201d, se inscribieron 8 equipos.<\/p>\n<p style=\"text-align: justify;\">El Campeonato Nacional de la Olimpiada Mundial de Robots 2021 tendr\u00e1 una duraci\u00f3n de dos d\u00edas y es elegible para participar en las finales de la Olimpiada Mundial de Robots, que se llevar\u00e1n a cabo a distancia \u00a0durante el mes de noviembre.<\/p>\n<h3 style=\"text-align: justify;\"><span style=\"color: #0000ff;\">Siria producir\u00e1 unas 787 mil toneladas de c\u00edtricos en la temporada 2021-2022<\/span><\/h3>\n<p style=\"text-align: justify;\">El Ministerio de Agricultura estim\u00f3 la producci\u00f3n preliminar de c\u00edtricos en Siria para la temporada 2021-2022 en unas 787 mil toneladas.<\/p>\n<p style=\"text-align: justify;\">El director del Departamento de C\u00edtricos del Ministerio de Agricultura, Suhail Hamdan, detall\u00f3 que casi el 75% de este cultivo, m\u00e1s de 563 mil toneladas, se centra en la provincia costera de Latakia, mientras que el 25%, m\u00e1s de 213 mil toneladas se encuentra en Tartous.<\/p>\n<p style=\"text-align: justify;\">\u201cEl total de la superficie cultivada asciende a 41.575 hect\u00e1reas con alrededor de 14,5 millones de \u00e1rboles, entre los cuales 13,9 millones son frutales\u201d, se\u00f1al\u00f3.<\/p>\n<p style=\"text-align: justify;\">Explic\u00f3 que la producci\u00f3n de esta temporada ha ca\u00eddo un 27,3%, en comparaci\u00f3n con el promedio general de producci\u00f3n durante el per\u00edodo 2016-2021.<\/p>\n<h3 style=\"text-align: justify;\"><span style=\"color: #0000ff;\">Siria y el PNUD abordan cooperaci\u00f3n y plan estrat\u00e9gico para los pr\u00f3ximos cuatro a\u00f1os<\/span><\/h3>\n<p style=\"text-align: justify;\">El ministro de Exteriores y Expatriados, Faisal al-Mekdad, abord\u00f3 con Khalida Bouzar, Subsecretaria General Adjunta y Directora Regional de la Oficina de los Estados \u00c1rabes en el Programa de las Naciones Unidas para el Desarrollo (PNUD), las \u00e1reas de cooperaci\u00f3n y el plan estrat\u00e9gico para los pr\u00f3ximos cuatro a\u00f1os.<\/p>\n<p style=\"text-align: justify;\">El Canciller present\u00f3 las prioridades de la labor de fomento que Siria necesita durante la etapa actual y en el futuro pr\u00f3ximo, y asegur\u00f3 que el Gobierno sirio ve al PNUD como un socio confiable para lograr el desarrollo.<\/p>\n<p style=\"text-align: justify;\">Enfatiz\u00f3 la necesidad de crear un equilibrio entre el trabajo humanitario y de socorro por un lado, y la labor para el fomento y los proyectos de recuperaci\u00f3n temprana por el otro lado.<\/p>\n<p style=\"text-align: justify;\">El jefe de la diplomacia siria se refiri\u00f3 a las repercusiones econ\u00f3micas y sociales de las medidas coercitivas unilaterales que obstaculizan el lanzamiento de proyectos de desarrollo m\u00e1s efectivos, ya sea en cooperaci\u00f3n con el Programa de las Naciones Unidas para el Desarrollo u otros organismos de las Naciones Unidas.<\/p>\n<p style=\"text-align: justify;\">Hizo un llamado al Programa para tomar una posici\u00f3n clara sobre estas sanciones y hablar con transparencia sobre su impacto en la implementaci\u00f3n de sus proyectos en Siria y el resto del mundo.<\/p>\n<p style=\"text-align: justify;\">Por su parte, la Directora Regional de la Oficina de Estados \u00c1rabes habl\u00f3 de la visi\u00f3n estrat\u00e9gica que el PNUD est\u00e1 trabajando para lograr.<\/p>\n<p style=\"text-align: justify;\">Tenemos plena convicci\u00f3n sobre la importancia de extender el trabajo del Programa en Siria a las \u00e1reas del desarrollo y la recuperaci\u00f3n temprana y, por supuesto, el fomento constituye la base del trabajo en el Programa de las Naciones Unidas para el Desarrollo, precis\u00f3.<\/p>\n<h3 style=\"text-align: justify;\"><span style=\"color: #0000ff;\">Siria y ACNUR abordan v\u00edas para impulsar cooperaci\u00f3n<\/span><\/h3>\n<p style=\"text-align: justify;\">El ministro sirio de Salud, Hassan Ghobash, abord\u00f3 con el jefe de la misi\u00f3n del Alto Comisionado de las Naciones Unidas para los Refugiados (ACNUR) en Siria, Sivanka Dana Bala, las formas de mejorar la cooperaci\u00f3n mutua, especialmente en el campo de apoyar al sector sanitario con equipos m\u00e9dicos necesarios.<\/p>\n<p style=\"text-align: justify;\">Durante el encuentro, Ghobash destac\u00f3 la importancia de elevar el nivel de coordinaci\u00f3n conjunta, especialmente en el campo de asegurar y brindar servicios de salud a quienes lo necesiten, y ensalz\u00f3 el apoyo brindado por la Comisi\u00f3n en diversos campos.<\/p>\n<p style=\"text-align: justify;\">A su vez, el jefe de la misi\u00f3n elogi\u00f3 los esfuerzos proporcionadas por el gobierno sirio para implementar programas y brindar los servicios necesarios para mejorar las condiciones de vida en muchas \u00e1reas.<\/p>\n<h3 style=\"text-align: justify;\"><span style=\"color: #0000ff;\">Finalizan reparaci\u00f3n de l\u00ednea el\u00e9ctrica que alimenta la planta de Tal tamer en Hasakeh<\/span><\/h3>\n<p style=\"text-align: justify;\">El personal de la Empresa Estatal de Electricidad termin\u00f3 el mantenimiento de la l\u00ednea 66 kv que alimenta la planta de Tal Tamer en la provincia de Hasakeh.<\/p>\n<p style=\"text-align: justify;\">La referida l\u00ednea fue blanco de un ataque del ocupante turco y sus mercenarios la semana pasada.<\/p>\n<p style=\"text-align: justify;\">El director de la Empresa, Anwar Ekleh, comunic\u00f3 a SANA que el personal logr\u00f3 reconectar la l\u00ednea con la Planta, lo cual restablecer\u00e1 el servicio el\u00e9ctrico en la zona.<\/p>\n<p style=\"text-align: justify;\">La agresi\u00f3n turca contra las localidades de Tal Tamer y Abu Rasen provoc\u00f3 da\u00f1os en la red el\u00e9ctrica y los propiedades de los habitantes.<\/p>\n<h3 style=\"text-align: justify;\"><span style=\"color: #0000ff;\">M\u00e1s de un mill\u00f3n de libros escolares para la provincia de Deir Ezzor<\/span><\/h3>\n<p style=\"text-align: justify;\">La sucursal de la Empresa Estatal para la Imprenta en Deir Ezzor tiene preparados para este a\u00f1o docente m\u00e1s de un mill\u00f3n de libros de texto para todos los niveles de educaci\u00f3n b\u00e1sica y secundaria.<\/p>\n<p style=\"text-align: justify;\">El director de la Empresa en Deir Ezzor, Kasir al-Mohammed, inform\u00f3 a SANA que la sucursal est\u00e1 trabajando para distribuir libros a las escuelas a trav\u00e9s de nueve centros de venta en las diferentes zonas de la provincia.<\/p>\n<p style=\"text-align: justify;\">Indic\u00f3 que esta cantidad de libros cubre el 75% de las necesidades de los estudiantes para este a\u00f1o, y se\u00f1al\u00f3 que para el pr\u00f3ximo a\u00f1o escolar todas las necesidades de los alumnos ser\u00e1n cubiertas.<\/p>\n<h3 style=\"text-align: justify;\"><span style=\"color: #0000ff;\">Trabajo caritativo en varias provincias por comienzo de a\u00f1o escolar<\/span><\/h3>\n<p style=\"text-align: justify;\">Por motivo del acercamiento del a\u00f1o escolar y cumpliendo con las instrucciones la primera dama Asma al-Assad, varias asociaciones ben\u00e9ficas e instituciones humanitarias en todas las provincias del pa\u00eds establecen mercados caritativos con el prop\u00f3sito de ayudar a las familias sirias a satisfacer sus necesidades, especialmente en lo relacionado con la escuela.<\/p>\n<p style=\"text-align: justify;\">En el marco de esta iniciativa ben\u00e9fica, las autoridades oficiales, los Concejos Locales, fil\u00e1ntropos y comerciantes, trabajaron para organizar ferias para la venta de \u00fatiles escolares en varias provincias y ciudades a un precio cercano al precio de costo, y con una reducci\u00f3n en los precios de hasta un 40%.<\/p>\n<h3 class=\"name post-title entry-title\" style=\"text-align: justify;\"><span style=\"color: #0000ff;\">Desfile de moda tradicional en el casco antiguo de Alepo\u00a0<\/span><\/h3>\n<p style=\"text-align: justify;\">Con motivo de la reapertura del zoco Khan Al Harir y la plaza al-Fustuk en el casco antiguo de Alepo, se celebr\u00f3 un desfile de moda tradicional dentro como parte de las actividades de las \u201cNoches de Alepo\u201d organizadas por la provincia de Alepo y la Fundaci\u00f3n Siria para el Desarrollo.<\/p>\n<p style=\"text-align: justify;\">Durante la ceremonia, un grupo de estudiantes de la Facultad de Bellas Artes de la Universidad de Alepo present\u00f3 un conjunto de trajes y dise\u00f1os que imitan la antigua vestimenta \u00e1rabe en Alepo y algunos pa\u00edses \u00e1rabes.<\/p>\n<p style=\"text-align: justify;\">Talal Khudair, jefe de la Federaci\u00f3n de C\u00e1maras de Turismo, indic\u00f3 durante el evento la importancia de los peque\u00f1os proyectos presentados por los estudiantes de la Facultad de Bellas Artes, que se ocupan del patrimonio antiguo y reflejan la identidad de la gente de la ciudad y el folclore sirio.<\/p>\n<p style=\"text-align: justify;\">En una declaraci\u00f3n a SANA, Asma Martini, jefa del Comit\u00e9 organizador del desfile de moda, explic\u00f3 que la participaci\u00f3n de j\u00f3venes en este certamen a la luz de estas dif\u00edciles condiciones y la guerra que es un fuerte mensaje al mundo que reafirma la continuidad de arte, la civilizaci\u00f3n y la herencia siria.<\/p>\n<h3 class=\"name post-title entry-title\" style=\"text-align: justify;\"><span style=\"color: #0000ff;\">Arranca en Alepo conferencia cient\u00edfica sobre ginecolog\u00eda<\/span><\/h3>\n<p style=\"text-align: justify;\">Arranc\u00f3 en la provincia de Alepo una conferencia cient\u00edfica organizada por La Asociaci\u00f3n Siria de Ginec\u00f3logos bajo el t\u00edtulo \u201cEl uso de la ecograf\u00eda en la detecci\u00f3n de enfermedades ginecol\u00f3gicas e infertilidad\u201d.<\/p>\n<p style=\"text-align: justify;\">Las actividades de la conferencia destacaron la importancia del uso de las t\u00e9cnicas de radiograf\u00edas a trav\u00e9s del ultrasonido y el Doppler para detectar enfermedades ginecol\u00f3gicas, tratar casos dif\u00edciles, diagnosticar algunos tipos de embarazo y distinguir entre masas sanas y malignas.<\/p>\n<p style=\"text-align: justify;\">SANA entrevist\u00f3 a varios de los 500 m\u00e9dicos participantes quienes afirmaron que la actividad constituye una oportunidad para aprender nueva informaci\u00f3n sobre obstetricia y ginecolog\u00eda y, adquirir experiencias a trav\u00e9s del di\u00e1logo y el debate.<\/p>\n<p style=\"text-align: justify;\">Al margen de la conferencia se inaugur\u00f3 una exposici\u00f3n con la participaci\u00f3n de 18 empresas m\u00e9dicas que exhibieron modernos dispositivos m\u00e9dicos para ecograf\u00eda, Doppler y ecocardiograf\u00eda, y medicamentos modernos utilizados en tratamientos para enfermedades ginecol\u00f3gicas y uterinas.<\/p>\n","protected":false},"excerpt":{"rendered":"<p>Damasco SANA\u00a0 A continuaci\u00f3n, resumen semanal de noticias que muestran la recuperaci\u00f3n de Siria a pesar del bloqueo, las sanciones y la guerra: 180 empresas nacionales participan en feria de vestimenta \u201cMade in Syria\u201d 2021-2022 M\u00e1s de 180 empresas nacionales participaron el jueves en la exposici\u00f3n \u201cMade in Syria\u201d (Hecho en Siria) para prendas de &hellip;<\/p>\n","protected":false},"author":35,"featured_media":195593,"comment_status":"closed","ping_status":"closed","sticky":false,"template":"","format":"standard","meta":{"footnotes":""},"categories":[597,16686,485,476,7541],"tags":[],"class_list":["post-195590","post","type-post","status-publish","format-standard","has-post-thumbnail","","category-cinta-de-noticias","category-economia","category-informes-negocios-y-finanzas","category-locales","category-ultimas-noticias"],"_links":{"self":[{"href":"https:\/\/archive.sana.sy\/es\/index.php?rest_route=\/wp\/v2\/posts\/195590"}],"collection":[{"href":"https:\/\/archive.sana.sy\/es\/index.php?rest_route=\/wp\/v2\/posts"}],"about":[{"href":"https:\/\/archive.sana.sy\/es\/index.php?rest_route=\/wp\/v2\/types\/post"}],"author":[{"embeddable":true,"href":"https:\/\/archive.sana.sy\/es\/index.php?rest_route=\/wp\/v2\/users\/35"}],"replies":[{"embeddable":true,"href":"https:\/\/archive.sana.sy\/es\/index.php?rest_route=%2Fwp%2Fv2%2Fcomments&post=195590"}],"version-history":[{"count":0,"href":"https:\/\/archive.sana.sy\/es\/index.php?rest_route=\/wp\/v2\/posts\/195590\/revisions"}],"wp:featuredmedia":[{"embeddable":true,"href":"https:\/\/archive.sana.sy\/es\/index.php?rest_route=\/wp\/v2\/media\/195593"}],"wp:attachment":[{"href":"https:\/\/archive.sana.sy\/es\/index.php?rest_route=%2Fwp%2Fv2%2Fmedia&parent=195590"}],"wp:term":[{"taxonomy":"category","embeddable":true,"href":"https:\/\/archive.sana.sy\/es\/index.php?rest_route=%2Fwp%2Fv2%2Fcategories&post=195590"},{"taxonomy":"post_tag","embeddable":true,"href":"https:\/\/archive.sana.sy\/es\/index.php?rest_route=%2Fwp%2Fv2%2Ftags&post=195590"}],"curies":[{"name":"wp","href":"https:\/\/api.w.org\/{rel}","templated":true}]}}