{"id":195598,"date":"2021-09-04T11:11:59","date_gmt":"2021-09-04T08:11:59","guid":{"rendered":"http:\/\/107.6.182.27\/es\/?p=195598"},"modified":"2021-09-04T11:22:56","modified_gmt":"2021-09-04T08:22:56","slug":"una-delegacion-ministerial-libanesa-encabezada-por-la-viceprimer-ministro-y-ministra-interina-de-defensa-y-exteriores-en-el-gobierno-interino-zina-aker-llego-al-cruce-fronterizo-de-jedeidet-yabous-e","status":"publish","type":"post","link":"https:\/\/archive.sana.sy\/es\/?p=195598","title":{"rendered":"Una delegaci\u00f3n ministerial libanesa encabezada por la viceprimer ministro y ministra interina de Defensa y Exteriores en el gobierno interino, Zina Aker, lleg\u00f3 al cruce fronterizo de Jedeidet Yabous en la frontera siria, en una visita oficial durante la cual sostendr\u00e1 conversaciones con los altos funcionarios sirios sobre la cooperaci\u00f3n bilateral."},"content":{"rendered":"","protected":false},"excerpt":{"rendered":"","protected":false},"author":35,"featured_media":0,"comment_status":"closed","ping_status":"closed","sticky":false,"template":"","format":"standard","meta":{"footnotes":""},"categories":[1],"tags":[],"class_list":["post-195598","post","type-post","status-publish","format-standard","","category-news-not-sorted"],"_links":{"self":[{"href":"https:\/\/archive.sana.sy\/es\/index.php?rest_route=\/wp\/v2\/posts\/195598"}],"collection":[{"href":"https:\/\/archive.sana.sy\/es\/index.php?rest_route=\/wp\/v2\/posts"}],"about":[{"href":"https:\/\/archive.sana.sy\/es\/index.php?rest_route=\/wp\/v2\/types\/post"}],"author":[{"embeddable":true,"href":"https:\/\/archive.sana.sy\/es\/index.php?rest_route=\/wp\/v2\/users\/35"}],"replies":[{"embeddable":true,"href":"https:\/\/archive.sana.sy\/es\/index.php?rest_route=%2Fwp%2Fv2%2Fcomments&post=195598"}],"version-history":[{"count":0,"href":"https:\/\/archive.sana.sy\/es\/index.php?rest_route=\/wp\/v2\/posts\/195598\/revisions"}],"wp:attachment":[{"href":"https:\/\/archive.sana.sy\/es\/index.php?rest_route=%2Fwp%2Fv2%2Fmedia&parent=195598"}],"wp:term":[{"taxonomy":"category","embeddable":true,"href":"https:\/\/archive.sana.sy\/es\/index.php?rest_route=%2Fwp%2Fv2%2Fcategories&post=195598"},{"taxonomy":"post_tag","embeddable":true,"href":"https:\/\/archive.sana.sy\/es\/index.php?rest_route=%2Fwp%2Fv2%2Ftags&post=195598"}],"curies":[{"name":"wp","href":"https:\/\/api.w.org\/{rel}","templated":true}]}}