{"id":195600,"date":"2021-09-04T11:21:54","date_gmt":"2021-09-04T08:21:54","guid":{"rendered":"http:\/\/107.6.182.27\/es\/?p=195600"},"modified":"2021-09-04T16:50:00","modified_gmt":"2021-09-04T13:50:00","slug":"delegacion-ministerial-libanesa-de-alto-nivel-comienza-visita-oficial-a-siria","status":"publish","type":"post","link":"https:\/\/archive.sana.sy\/es\/?p=195600","title":{"rendered":"Delegaci\u00f3n ministerial libanesa de alto nivel comienza visita oficial a Siria"},"content":{"rendered":"<p style=\"text-align: justify;\"><span style=\"color: #800000;\"><strong>Damasco, SANA<\/strong><\/span><\/p>\n<p style=\"text-align: justify;\">Una delegaci\u00f3n ministerial libanesa encabezada por la viceprimer ministro y ministra interina de Defensa y Exteriores en el gobierno interino, Zina Aker, comenz\u00f3 hoy una visita oficial a la Rep\u00fablica \u00c1rabe Siria.<\/p>\n<p style=\"text-align: justify;\"><img loading=\"lazy\" decoding=\"async\" class=\"size-medium wp-image-195602 alignleft\" src=\"http:\/\/107.6.182.27\/es\/wp-content\/uploads\/2021\/09\/photo_2021-09-04_11-14-14-300x168.jpg\" alt=\"\" width=\"300\" height=\"168\" srcset=\"https:\/\/archive.sana.sy\/es\/wp-content\/uploads\/2021\/09\/photo_2021-09-04_11-14-14-300x168.jpg 300w, https:\/\/archive.sana.sy\/es\/wp-content\/uploads\/2021\/09\/photo_2021-09-04_11-14-14-1024x574.jpg 1024w, https:\/\/archive.sana.sy\/es\/wp-content\/uploads\/2021\/09\/photo_2021-09-04_11-14-14-150x84.jpg 150w, https:\/\/archive.sana.sy\/es\/wp-content\/uploads\/2021\/09\/photo_2021-09-04_11-14-14-768x431.jpg 768w, https:\/\/archive.sana.sy\/es\/wp-content\/uploads\/2021\/09\/photo_2021-09-04_11-14-14.jpg 1280w\" sizes=\"(max-width: 300px) 100vw, 300px\" \/><\/p>\n<p style=\"text-align: justify;\">El ministro de Exteriores y Expatriados, Faisal al-Mekdad, recibi\u00f3 a la delegaci\u00f3n en el cruce fronterizo de Jedeidet Yabous en la frontera sirio-libanesa.<\/p>\n<p style=\"text-align: justify;\">La cooperaci\u00f3n bilateral centrar\u00e1 las conversaciones que sostendr\u00e1 la delegaci\u00f3n con los altos funcionarios sirios.<\/p>\n<p style=\"text-align: justify;\"><span style=\"color: #0000ff;\"><strong>M\u00e1s actualizaci\u00f3n en breve\u2026<\/strong><\/span><\/p>\n<p style=\"text-align: justify;\"><strong><span style=\"color: #0000ff;\">fm\/ws<\/span><\/strong><\/p>\n","protected":false},"excerpt":{"rendered":"<p>Damasco, SANA Una delegaci\u00f3n ministerial libanesa encabezada por la viceprimer ministro y ministra interina de Defensa y Exteriores en el gobierno interino, Zina Aker, comenz\u00f3 hoy una visita oficial a la Rep\u00fablica \u00c1rabe Siria. El ministro de Exteriores y Expatriados, Faisal al-Mekdad, recibi\u00f3 a la delegaci\u00f3n en el cruce fronterizo de Jedeidet Yabous en la &hellip;<\/p>\n","protected":false},"author":35,"featured_media":195601,"comment_status":"closed","ping_status":"closed","sticky":false,"template":"","format":"standard","meta":{"footnotes":""},"categories":[597,476,467,7541],"tags":[],"class_list":["post-195600","post","type-post","status-publish","format-standard","has-post-thumbnail","","category-cinta-de-noticias","category-locales","category-siria-y-el-mundo","category-ultimas-noticias"],"_links":{"self":[{"href":"https:\/\/archive.sana.sy\/es\/index.php?rest_route=\/wp\/v2\/posts\/195600"}],"collection":[{"href":"https:\/\/archive.sana.sy\/es\/index.php?rest_route=\/wp\/v2\/posts"}],"about":[{"href":"https:\/\/archive.sana.sy\/es\/index.php?rest_route=\/wp\/v2\/types\/post"}],"author":[{"embeddable":true,"href":"https:\/\/archive.sana.sy\/es\/index.php?rest_route=\/wp\/v2\/users\/35"}],"replies":[{"embeddable":true,"href":"https:\/\/archive.sana.sy\/es\/index.php?rest_route=%2Fwp%2Fv2%2Fcomments&post=195600"}],"version-history":[{"count":0,"href":"https:\/\/archive.sana.sy\/es\/index.php?rest_route=\/wp\/v2\/posts\/195600\/revisions"}],"wp:featuredmedia":[{"embeddable":true,"href":"https:\/\/archive.sana.sy\/es\/index.php?rest_route=\/wp\/v2\/media\/195601"}],"wp:attachment":[{"href":"https:\/\/archive.sana.sy\/es\/index.php?rest_route=%2Fwp%2Fv2%2Fmedia&parent=195600"}],"wp:term":[{"taxonomy":"category","embeddable":true,"href":"https:\/\/archive.sana.sy\/es\/index.php?rest_route=%2Fwp%2Fv2%2Fcategories&post=195600"},{"taxonomy":"post_tag","embeddable":true,"href":"https:\/\/archive.sana.sy\/es\/index.php?rest_route=%2Fwp%2Fv2%2Ftags&post=195600"}],"curies":[{"name":"wp","href":"https:\/\/api.w.org\/{rel}","templated":true}]}}