{"id":195610,"date":"2021-09-04T14:54:42","date_gmt":"2021-09-04T11:54:42","guid":{"rendered":"http:\/\/107.6.182.27\/es\/?p=195610"},"modified":"2023-01-10T14:26:32","modified_gmt":"2023-01-10T12:26:32","slug":"arranca-este-domingo-campana-nacional-de-vacunacion-anti-covid-19","status":"publish","type":"post","link":"https:\/\/archive.sana.sy\/es\/?p=195610","title":{"rendered":"Arranca este domingo campa\u00f1a nacional de vacunaci\u00f3n anti Covid-19"},"content":{"rendered":"<p style=\"text-align: justify;\"><span style=\"color: #800000;\"><strong>Damasco, SANA<\/strong><\/span><\/p>\n<p style=\"text-align: justify;\">El Ministerio de Salud de Siria lanzar\u00e1 este domingo, una campa\u00f1a nacional de vacunaci\u00f3n contra el nuevo Coronavirus que durar\u00e1 hasta el 16 de septiembre en todas las provincias del pa\u00eds.<\/p>\n<p style=\"text-align: justify;\">El Ministerio indic\u00f3, en una declaraci\u00f3n, que la campa\u00f1a est\u00e1 dirigida a todos los ciudadanos mayores de 18 a\u00f1os.<\/p>\n<p style=\"text-align: justify;\">En cuanto a los casos que ser\u00edan excluidos de la vacunaci\u00f3n, el Ministerio explic\u00f3 que son las personas que padecieron de alergia de una dosis previa de vacuna, o aquellos con enfermedades graves, as\u00ed tambi\u00e9n como mujeres embarazadas y lactantes.<\/p>\n<p style=\"text-align: justify;\">El Director de Emergencias del Ministerio, Tawfiq Hasaba, hab\u00eda informado a SANA que la campa\u00f1a se implementar\u00e1 a trav\u00e9s de 200 centros de salud, hospitales y equipos m\u00f3viles ubicados en todas las provincias del pa\u00eds.<\/p>\n<p style=\"text-align: justify;\"><span style=\"color: #0000ff;\"><strong>sm\/fm<\/strong><\/span><\/p>\n","protected":false},"excerpt":{"rendered":"<p>Damasco, SANA El Ministerio de Salud de Siria lanzar\u00e1 este domingo, una campa\u00f1a nacional de vacunaci\u00f3n contra el nuevo Coronavirus que durar\u00e1 hasta el 16 de septiembre en todas las provincias del pa\u00eds. El Ministerio indic\u00f3, en una declaraci\u00f3n, que la campa\u00f1a est\u00e1 dirigida a todos los ciudadanos mayores de 18 a\u00f1os. En cuanto a &hellip;<\/p>\n","protected":false},"author":39,"featured_media":195611,"comment_status":"closed","ping_status":"closed","sticky":false,"template":"","format":"standard","meta":{"footnotes":""},"categories":[447,477,597,476,7541],"tags":[],"class_list":["post-195610","post","type-post","status-publish","format-standard","has-post-thumbnail","","category-local-politica","category-noticias-edulcorantes","category-cinta-de-noticias","category-locales","category-ultimas-noticias"],"_links":{"self":[{"href":"https:\/\/archive.sana.sy\/es\/index.php?rest_route=\/wp\/v2\/posts\/195610"}],"collection":[{"href":"https:\/\/archive.sana.sy\/es\/index.php?rest_route=\/wp\/v2\/posts"}],"about":[{"href":"https:\/\/archive.sana.sy\/es\/index.php?rest_route=\/wp\/v2\/types\/post"}],"author":[{"embeddable":true,"href":"https:\/\/archive.sana.sy\/es\/index.php?rest_route=\/wp\/v2\/users\/39"}],"replies":[{"embeddable":true,"href":"https:\/\/archive.sana.sy\/es\/index.php?rest_route=%2Fwp%2Fv2%2Fcomments&post=195610"}],"version-history":[{"count":0,"href":"https:\/\/archive.sana.sy\/es\/index.php?rest_route=\/wp\/v2\/posts\/195610\/revisions"}],"wp:featuredmedia":[{"embeddable":true,"href":"https:\/\/archive.sana.sy\/es\/index.php?rest_route=\/wp\/v2\/media\/195611"}],"wp:attachment":[{"href":"https:\/\/archive.sana.sy\/es\/index.php?rest_route=%2Fwp%2Fv2%2Fmedia&parent=195610"}],"wp:term":[{"taxonomy":"category","embeddable":true,"href":"https:\/\/archive.sana.sy\/es\/index.php?rest_route=%2Fwp%2Fv2%2Fcategories&post=195610"},{"taxonomy":"post_tag","embeddable":true,"href":"https:\/\/archive.sana.sy\/es\/index.php?rest_route=%2Fwp%2Fv2%2Ftags&post=195610"}],"curies":[{"name":"wp","href":"https:\/\/api.w.org\/{rel}","templated":true}]}}