{"id":195616,"date":"2021-09-04T16:46:32","date_gmt":"2021-09-04T13:46:32","guid":{"rendered":"http:\/\/107.6.182.27\/es\/?p=195616"},"modified":"2023-01-10T14:26:31","modified_gmt":"2023-01-10T12:26:31","slug":"presidente-al-assad-recibe-a-secretario-general-del-frente-popular-para-liberacion-de-palestina","status":"publish","type":"post","link":"https:\/\/archive.sana.sy\/es\/?p=195616","title":{"rendered":"Presidente al-Assad recibi\u00f3 a secretario general del Frente Popular para Liberaci\u00f3n de Palestina"},"content":{"rendered":"<p style=\"text-align: justify;\"><span style=\"color: #800000;\"><strong>Damasco, SANA<\/strong><\/span><\/p>\n<p style=\"text-align: justify;\">El presidente Bashar al-Assad, recibi\u00f3 a Talal Naji, secretario general del Frente Popular para la Liberaci\u00f3n de Palestina &#8211; Comando General, y la delegaci\u00f3n que lo acompa\u00f1a.<\/p>\n<p style=\"text-align: justify;\">Las conversaciones abordaron la evoluci\u00f3n de los acontecimientos en los escenarios sirio y palestino, y un conjunto de asuntos \u00e1rabes y regionales asociados con Siria y Palestina.<\/p>\n<p style=\"text-align: justify;\">El presidente elogi\u00f3 el rol de las fuerzas de resistencia y del pueblo palestino, especialmente en Jerusal\u00e9n y los territorios ocupados en 1948, en lograr la victoria durante la batalla de Espada de Jerusal\u00e9n con el enemigo sionista.<\/p>\n<p style=\"text-align: justify;\">El mandatario habl\u00f3 de los objetivos de la guerra econ\u00f3mica impuesta a Siria y destac\u00f3 que el bloqueo econ\u00f3mico se produjo como consecuencia del fracaso de los enemigos y de sus mercenarios y herramientas, en el campo militar y de seguridad.<\/p>\n<p style=\"text-align: justify;\">Agreg\u00f3 que el prop\u00f3sito del asedio contra el pueblo sirio es golpear la estructura popular que ha resistido a lo largo de la guerra contra Siria.<\/p>\n<p style=\"text-align: justify;\">Adem\u00e1s, enfatiz\u00f3 que el pueblo sirio es capaz de superar esta etapa y lograr una victoria completa.<\/p>\n<p style=\"text-align: justify;\">Por su parte, Naji elogi\u00f3 las posiciones firmes de la Rep\u00fablica \u00c1rabe Siria hacia la causa palestina bajo el liderazgo del presidente al-Assad, y agradeci\u00f3 los grandes sacrificios del pueblo y ej\u00e9rcito sirios en este sentido.<\/p>\n<p style=\"text-align: justify;\">Naji afirm\u00f3 que la unidad del pueblo palestino y la resistencia son la \u00fanica opci\u00f3n para enfrentar al enemigo israel\u00ed y frustrar las oleadas de normalizaci\u00f3n \u00e1rabe con la entidad sionista.<\/p>\n<p style=\"text-align: justify;\">Al finalizar el encuentro, el presidente al-Assad afirm\u00f3 que la unidad palestina y la adhesi\u00f3n al derecho al retorno deben seguir siendo la base y el elemento principal en la batalla del movimiento de liberaci\u00f3n palestino.<\/p>\n<p style=\"text-align: justify;\"><span style=\"color: #0000ff;\"><strong>sm\/fm<\/strong><\/span><\/p>\n","protected":false},"excerpt":{"rendered":"<p>Damasco, SANA El presidente Bashar al-Assad, recibi\u00f3 a Talal Naji, secretario general del Frente Popular para la Liberaci\u00f3n de Palestina &#8211; Comando General, y la delegaci\u00f3n que lo acompa\u00f1a. Las conversaciones abordaron la evoluci\u00f3n de los acontecimientos en los escenarios sirio y palestino, y un conjunto de asuntos \u00e1rabes y regionales asociados con Siria y &hellip;<\/p>\n","protected":false},"author":39,"featured_media":195617,"comment_status":"closed","ping_status":"closed","sticky":false,"template":"","format":"standard","meta":{"footnotes":""},"categories":[447,477,597,476,457,583],"tags":[],"class_list":["post-195616","post","type-post","status-publish","format-standard","has-post-thumbnail","","category-local-politica","category-noticias-edulcorantes","category-cinta-de-noticias","category-locales","category-noticias-arabe-internacional-politica","category-slide"],"_links":{"self":[{"href":"https:\/\/archive.sana.sy\/es\/index.php?rest_route=\/wp\/v2\/posts\/195616"}],"collection":[{"href":"https:\/\/archive.sana.sy\/es\/index.php?rest_route=\/wp\/v2\/posts"}],"about":[{"href":"https:\/\/archive.sana.sy\/es\/index.php?rest_route=\/wp\/v2\/types\/post"}],"author":[{"embeddable":true,"href":"https:\/\/archive.sana.sy\/es\/index.php?rest_route=\/wp\/v2\/users\/39"}],"replies":[{"embeddable":true,"href":"https:\/\/archive.sana.sy\/es\/index.php?rest_route=%2Fwp%2Fv2%2Fcomments&post=195616"}],"version-history":[{"count":0,"href":"https:\/\/archive.sana.sy\/es\/index.php?rest_route=\/wp\/v2\/posts\/195616\/revisions"}],"wp:featuredmedia":[{"embeddable":true,"href":"https:\/\/archive.sana.sy\/es\/index.php?rest_route=\/wp\/v2\/media\/195617"}],"wp:attachment":[{"href":"https:\/\/archive.sana.sy\/es\/index.php?rest_route=%2Fwp%2Fv2%2Fmedia&parent=195616"}],"wp:term":[{"taxonomy":"category","embeddable":true,"href":"https:\/\/archive.sana.sy\/es\/index.php?rest_route=%2Fwp%2Fv2%2Fcategories&post=195616"},{"taxonomy":"post_tag","embeddable":true,"href":"https:\/\/archive.sana.sy\/es\/index.php?rest_route=%2Fwp%2Fv2%2Ftags&post=195616"}],"curies":[{"name":"wp","href":"https:\/\/api.w.org\/{rel}","templated":true}]}}