{"id":195652,"date":"2021-09-04T14:50:03","date_gmt":"2021-09-04T11:50:03","guid":{"rendered":"http:\/\/107.6.182.27\/es\/?p=195652"},"modified":"2023-01-09T14:05:17","modified_gmt":"2023-01-09T12:05:17","slug":"provincia-de-hama-recupera-su-sector-electrico","status":"publish","type":"post","link":"https:\/\/archive.sana.sy\/es\/?p=195652","title":{"rendered":"Provincia de Hama recupera su sector el\u00e9ctrico"},"content":{"rendered":"<p style=\"text-align: justify;\"><span style=\"color: #800000;\"><strong>Hama, SANA<\/strong><\/span><\/p>\n<p style=\"text-align: justify;\">La Direcci\u00f3n de Electricidad de la provincia central de Hama rehabilit\u00f3 72 transformadores el\u00e9ctricos de diferentes capacidades desde principios del a\u00f1o en curso.<\/p>\n<p>&nbsp;<\/p>\n<p style=\"text-align: justify;\">El jefe del Departamento de Rehabilitaci\u00f3n, Fawaz Ibrahim, explic\u00f3 a SANA que los trabajadores y t\u00e9cnicos del departamento lograron rehabilitar 22 transformadores el\u00e9ctricos y los volvieron a operar en el norte, sur y oeste de la provincia, donde el sistema el\u00e9ctrico sufri\u00f3 actos de sabotaje por los terroristas.<\/p>\n<p style=\"text-align: justify;\">Fueron rehabilitados 50 transformadores el\u00e9ctricos y ahora est\u00e1n en fase de funcionamiento en varias zonas de la provincia, precis\u00f3.<\/p>\n<p style=\"text-align: justify;\"><span style=\"color: #0000ff;\"><strong>sm\/fm<\/strong><\/span><\/p>\n<div id='gallery-1' class='gallery galleryid-195652 gallery-columns-1 gallery-size-full'><figure class='gallery-item'>\n\t\t\t<div class='gallery-icon portrait'>\n\t\t\t\t<a href='https:\/\/archive.sana.sy\/es\/?attachment_id=195656'><img loading=\"lazy\" decoding=\"async\" width=\"1926\" height=\"2560\" src=\"https:\/\/archive.sana.sy\/es\/wp-content\/uploads\/2021\/09\/FB_IMG_1630749678923-1-scaled.jpg\" class=\"attachment-full size-full\" alt=\"\" srcset=\"https:\/\/archive.sana.sy\/es\/wp-content\/uploads\/2021\/09\/FB_IMG_1630749678923-1-scaled.jpg 1926w, https:\/\/archive.sana.sy\/es\/wp-content\/uploads\/2021\/09\/FB_IMG_1630749678923-1-226x300.jpg 226w, https:\/\/archive.sana.sy\/es\/wp-content\/uploads\/2021\/09\/FB_IMG_1630749678923-1-771x1024.jpg 771w, https:\/\/archive.sana.sy\/es\/wp-content\/uploads\/2021\/09\/FB_IMG_1630749678923-1-113x150.jpg 113w, https:\/\/archive.sana.sy\/es\/wp-content\/uploads\/2021\/09\/FB_IMG_1630749678923-1-768x1021.jpg 768w, https:\/\/archive.sana.sy\/es\/wp-content\/uploads\/2021\/09\/FB_IMG_1630749678923-1-1156x1536.jpg 1156w, https:\/\/archive.sana.sy\/es\/wp-content\/uploads\/2021\/09\/FB_IMG_1630749678923-1-1541x2048.jpg 1541w\" sizes=\"(max-width: 1926px) 100vw, 1926px\" \/><\/a>\n\t\t\t<\/div><\/figure><figure class='gallery-item'>\n\t\t\t<div class='gallery-icon portrait'>\n\t\t\t\t<a href='https:\/\/archive.sana.sy\/es\/?attachment_id=195655'><img loading=\"lazy\" decoding=\"async\" width=\"1671\" height=\"2560\" src=\"https:\/\/archive.sana.sy\/es\/wp-content\/uploads\/2021\/09\/FB_IMG_1630749551296-scaled.jpg\" class=\"attachment-full size-full\" alt=\"\" srcset=\"https:\/\/archive.sana.sy\/es\/wp-content\/uploads\/2021\/09\/FB_IMG_1630749551296-scaled.jpg 1671w, https:\/\/archive.sana.sy\/es\/wp-content\/uploads\/2021\/09\/FB_IMG_1630749551296-196x300.jpg 196w, https:\/\/archive.sana.sy\/es\/wp-content\/uploads\/2021\/09\/FB_IMG_1630749551296-669x1024.jpg 669w, https:\/\/archive.sana.sy\/es\/wp-content\/uploads\/2021\/09\/FB_IMG_1630749551296-98x150.jpg 98w, https:\/\/archive.sana.sy\/es\/wp-content\/uploads\/2021\/09\/FB_IMG_1630749551296-768x1176.jpg 768w, https:\/\/archive.sana.sy\/es\/wp-content\/uploads\/2021\/09\/FB_IMG_1630749551296-1003x1536.jpg 1003w, https:\/\/archive.sana.sy\/es\/wp-content\/uploads\/2021\/09\/FB_IMG_1630749551296-1337x2048.jpg 1337w\" sizes=\"(max-width: 1671px) 100vw, 1671px\" \/><\/a>\n\t\t\t<\/div><\/figure><figure class='gallery-item'>\n\t\t\t<div class='gallery-icon portrait'>\n\t\t\t\t<a href='https:\/\/archive.sana.sy\/es\/?attachment_id=195657'><img loading=\"lazy\" decoding=\"async\" width=\"1920\" height=\"2560\" src=\"https:\/\/archive.sana.sy\/es\/wp-content\/uploads\/2021\/09\/FB_IMG_1630749704218-scaled.jpg\" class=\"attachment-full size-full\" alt=\"\" srcset=\"https:\/\/archive.sana.sy\/es\/wp-content\/uploads\/2021\/09\/FB_IMG_1630749704218-scaled.jpg 1920w, https:\/\/archive.sana.sy\/es\/wp-content\/uploads\/2021\/09\/FB_IMG_1630749704218-225x300.jpg 225w, https:\/\/archive.sana.sy\/es\/wp-content\/uploads\/2021\/09\/FB_IMG_1630749704218-768x1024.jpg 768w, https:\/\/archive.sana.sy\/es\/wp-content\/uploads\/2021\/09\/FB_IMG_1630749704218-112x150.jpg 112w, https:\/\/archive.sana.sy\/es\/wp-content\/uploads\/2021\/09\/FB_IMG_1630749704218-1152x1536.jpg 1152w, https:\/\/archive.sana.sy\/es\/wp-content\/uploads\/2021\/09\/FB_IMG_1630749704218-1536x2048.jpg 1536w\" sizes=\"(max-width: 1920px) 100vw, 1920px\" \/><\/a>\n\t\t\t<\/div><\/figure><figure class='gallery-item'>\n\t\t\t<div class='gallery-icon landscape'>\n\t\t\t\t<a href='https:\/\/archive.sana.sy\/es\/?attachment_id=195658'><img loading=\"lazy\" decoding=\"async\" width=\"2560\" height=\"1533\" src=\"https:\/\/archive.sana.sy\/es\/wp-content\/uploads\/2021\/09\/FB_IMG_1630749745806-scaled.jpg\" class=\"attachment-full size-full\" alt=\"\" srcset=\"https:\/\/archive.sana.sy\/es\/wp-content\/uploads\/2021\/09\/FB_IMG_1630749745806-scaled.jpg 2560w, https:\/\/archive.sana.sy\/es\/wp-content\/uploads\/2021\/09\/FB_IMG_1630749745806-300x180.jpg 300w, https:\/\/archive.sana.sy\/es\/wp-content\/uploads\/2021\/09\/FB_IMG_1630749745806-1024x613.jpg 1024w, https:\/\/archive.sana.sy\/es\/wp-content\/uploads\/2021\/09\/FB_IMG_1630749745806-150x90.jpg 150w, https:\/\/archive.sana.sy\/es\/wp-content\/uploads\/2021\/09\/FB_IMG_1630749745806-768x460.jpg 768w, https:\/\/archive.sana.sy\/es\/wp-content\/uploads\/2021\/09\/FB_IMG_1630749745806-1536x920.jpg 1536w, https:\/\/archive.sana.sy\/es\/wp-content\/uploads\/2021\/09\/FB_IMG_1630749745806-2048x1227.jpg 2048w\" sizes=\"(max-width: 2560px) 100vw, 2560px\" \/><\/a>\n\t\t\t<\/div><\/figure>\n\t\t<\/div>\n\n","protected":false},"excerpt":{"rendered":"<p>Hama, SANA La Direcci\u00f3n de Electricidad de la provincia central de Hama rehabilit\u00f3 72 transformadores el\u00e9ctricos de diferentes capacidades desde principios del a\u00f1o en curso. &nbsp; El jefe del Departamento de Rehabilitaci\u00f3n, Fawaz Ibrahim, explic\u00f3 a SANA que los trabajadores y t\u00e9cnicos del departamento lograron rehabilitar 22 transformadores el\u00e9ctricos y los volvieron a operar en &hellip;<\/p>\n","protected":false},"author":39,"featured_media":195653,"comment_status":"closed","ping_status":"closed","sticky":false,"template":"","format":"standard","meta":{"footnotes":""},"categories":[477,597,476,457,7541],"tags":[],"class_list":["post-195652","post","type-post","status-publish","format-standard","has-post-thumbnail","","category-noticias-edulcorantes","category-cinta-de-noticias","category-locales","category-noticias-arabe-internacional-politica","category-ultimas-noticias"],"_links":{"self":[{"href":"https:\/\/archive.sana.sy\/es\/index.php?rest_route=\/wp\/v2\/posts\/195652"}],"collection":[{"href":"https:\/\/archive.sana.sy\/es\/index.php?rest_route=\/wp\/v2\/posts"}],"about":[{"href":"https:\/\/archive.sana.sy\/es\/index.php?rest_route=\/wp\/v2\/types\/post"}],"author":[{"embeddable":true,"href":"https:\/\/archive.sana.sy\/es\/index.php?rest_route=\/wp\/v2\/users\/39"}],"replies":[{"embeddable":true,"href":"https:\/\/archive.sana.sy\/es\/index.php?rest_route=%2Fwp%2Fv2%2Fcomments&post=195652"}],"version-history":[{"count":0,"href":"https:\/\/archive.sana.sy\/es\/index.php?rest_route=\/wp\/v2\/posts\/195652\/revisions"}],"wp:featuredmedia":[{"embeddable":true,"href":"https:\/\/archive.sana.sy\/es\/index.php?rest_route=\/wp\/v2\/media\/195653"}],"wp:attachment":[{"href":"https:\/\/archive.sana.sy\/es\/index.php?rest_route=%2Fwp%2Fv2%2Fmedia&parent=195652"}],"wp:term":[{"taxonomy":"category","embeddable":true,"href":"https:\/\/archive.sana.sy\/es\/index.php?rest_route=%2Fwp%2Fv2%2Fcategories&post=195652"},{"taxonomy":"post_tag","embeddable":true,"href":"https:\/\/archive.sana.sy\/es\/index.php?rest_route=%2Fwp%2Fv2%2Ftags&post=195652"}],"curies":[{"name":"wp","href":"https:\/\/api.w.org\/{rel}","templated":true}]}}