{"id":195786,"date":"2021-09-05T10:46:59","date_gmt":"2021-09-05T07:46:59","guid":{"rendered":"http:\/\/107.6.182.27\/es\/?p=195786"},"modified":"2021-09-05T10:46:59","modified_gmt":"2021-09-05T07:46:59","slug":"presidencia-de-la-republica-lamenta-fallecimiento-de-mohamed-deeb-daaboul","status":"publish","type":"post","link":"https:\/\/archive.sana.sy\/es\/?p=195786","title":{"rendered":"Presidencia de la Rep\u00fablica lamenta fallecimiento de Mohamed Deeb Daaboul"},"content":{"rendered":"<p style=\"text-align: justify;\"><span style=\"color: #800000;\"><strong>Damasco, SANA<\/strong><\/span><\/p>\n<p style=\"text-align: justify;\">La Presidencia de la Rep\u00fablica \u00c1rabe Siria lament\u00f3 hoy el fallecimiento de Muhammad Deeb Daaboul &#8220;Abu Salim&#8221;, quien falleci\u00f3 la noche del s\u00e1bado, 4 de septiembre de 2021, a la edad de 86 a\u00f1os.<\/p>\n<p style=\"text-align: justify;\">El difunto naci\u00f3 en 1935 en la localidad de Deir Atieh, al norte de Damasco, y fue ejemplo por su patriotismo, sinceridad, honestidad y dedicaci\u00f3n al trabajo a lo largo de su carrera.<\/p>\n<p style=\"text-align: justify;\">El fallecido fue galardonado con la Orden al M\u00e9rito Sirio en 2021 en reconocimiento por sus destacados servicios en el campo de la administraci\u00f3n y el servicio p\u00fablico durante sus siete d\u00e9cadas de carrera que comenz\u00f3 en 1954.<\/p>\n<p style=\"text-align: justify;\"><span style=\"color: #0000ff;\"><strong>fm\/ws<\/strong><\/span><\/p>\n","protected":false},"excerpt":{"rendered":"<p>Damasco, SANA La Presidencia de la Rep\u00fablica \u00c1rabe Siria lament\u00f3 hoy el fallecimiento de Muhammad Deeb Daaboul &#8220;Abu Salim&#8221;, quien falleci\u00f3 la noche del s\u00e1bado, 4 de septiembre de 2021, a la edad de 86 a\u00f1os. El difunto naci\u00f3 en 1935 en la localidad de Deir Atieh, al norte de Damasco, y fue ejemplo por &hellip;<\/p>\n","protected":false},"author":35,"featured_media":195787,"comment_status":"closed","ping_status":"closed","sticky":false,"template":"","format":"standard","meta":{"footnotes":""},"categories":[597,476,583],"tags":[],"class_list":["post-195786","post","type-post","status-publish","format-standard","has-post-thumbnail","","category-cinta-de-noticias","category-locales","category-slide"],"_links":{"self":[{"href":"https:\/\/archive.sana.sy\/es\/index.php?rest_route=\/wp\/v2\/posts\/195786"}],"collection":[{"href":"https:\/\/archive.sana.sy\/es\/index.php?rest_route=\/wp\/v2\/posts"}],"about":[{"href":"https:\/\/archive.sana.sy\/es\/index.php?rest_route=\/wp\/v2\/types\/post"}],"author":[{"embeddable":true,"href":"https:\/\/archive.sana.sy\/es\/index.php?rest_route=\/wp\/v2\/users\/35"}],"replies":[{"embeddable":true,"href":"https:\/\/archive.sana.sy\/es\/index.php?rest_route=%2Fwp%2Fv2%2Fcomments&post=195786"}],"version-history":[{"count":0,"href":"https:\/\/archive.sana.sy\/es\/index.php?rest_route=\/wp\/v2\/posts\/195786\/revisions"}],"wp:featuredmedia":[{"embeddable":true,"href":"https:\/\/archive.sana.sy\/es\/index.php?rest_route=\/wp\/v2\/media\/195787"}],"wp:attachment":[{"href":"https:\/\/archive.sana.sy\/es\/index.php?rest_route=%2Fwp%2Fv2%2Fmedia&parent=195786"}],"wp:term":[{"taxonomy":"category","embeddable":true,"href":"https:\/\/archive.sana.sy\/es\/index.php?rest_route=%2Fwp%2Fv2%2Fcategories&post=195786"},{"taxonomy":"post_tag","embeddable":true,"href":"https:\/\/archive.sana.sy\/es\/index.php?rest_route=%2Fwp%2Fv2%2Ftags&post=195786"}],"curies":[{"name":"wp","href":"https:\/\/api.w.org\/{rel}","templated":true}]}}