{"id":195842,"date":"2021-09-05T09:00:26","date_gmt":"2021-09-05T06:00:26","guid":{"rendered":"http:\/\/107.6.182.27\/es\/?p=195842"},"modified":"2023-01-12T14:40:27","modified_gmt":"2023-01-12T12:40:27","slug":"fuerzas-israelies-detienen-arbitrariamente-a-14-palestinos-en-cisjordania","status":"publish","type":"post","link":"https:\/\/archive.sana.sy\/es\/?p=195842","title":{"rendered":"Fuerzas israel\u00edes detienen arbitrariamente a 14 palestinos en Cisjordania"},"content":{"rendered":"<p style=\"text-align: justify;\"><strong><span style=\"color: #800000;\">Jerusal\u00e9n ocupada, SANA<\/span><\/strong><\/p>\n<p style=\"text-align: justify;\">Las fuerzas de ocupaci\u00f3n israel\u00edes arrestaron a 14 palestinos, entre ellos cinco ni\u00f1os, en distintas regiones de Cisjordania.<\/p>\n<p style=\"text-align: justify;\">La agencia de noticias Ma&#8217;an inform\u00f3 que las tropas sionistas irrumpieron en las ciudades de Hebr\u00f3n y Ramallah, donde llevaron por la fuerza a los palestinos.<\/p>\n<p style=\"text-align: justify;\">La v\u00edspera, dos palestinos fueron detenidos en semejante jornada de detenciones en Jerusal\u00e9n ocupada .<\/p>\n<p style=\"text-align: justify;\"><span style=\"color: #0000ff;\"><strong>ws\/fm<\/strong><\/span><\/p>\n","protected":false},"excerpt":{"rendered":"<p>Jerusal\u00e9n ocupada, SANA Las fuerzas de ocupaci\u00f3n israel\u00edes arrestaron a 14 palestinos, entre ellos cinco ni\u00f1os, en distintas regiones de Cisjordania. La agencia de noticias Ma&#8217;an inform\u00f3 que las tropas sionistas irrumpieron en las ciudades de Hebr\u00f3n y Ramallah, donde llevaron por la fuerza a los palestinos. La v\u00edspera, dos palestinos fueron detenidos en semejante &hellip;<\/p>\n","protected":false},"author":35,"featured_media":195843,"comment_status":"closed","ping_status":"closed","sticky":false,"template":"","format":"standard","meta":{"footnotes":""},"categories":[597,456,7541],"tags":[],"class_list":["post-195842","post","type-post","status-publish","format-standard","has-post-thumbnail","","category-cinta-de-noticias","category-arabe-internacional-politica","category-ultimas-noticias"],"_links":{"self":[{"href":"https:\/\/archive.sana.sy\/es\/index.php?rest_route=\/wp\/v2\/posts\/195842"}],"collection":[{"href":"https:\/\/archive.sana.sy\/es\/index.php?rest_route=\/wp\/v2\/posts"}],"about":[{"href":"https:\/\/archive.sana.sy\/es\/index.php?rest_route=\/wp\/v2\/types\/post"}],"author":[{"embeddable":true,"href":"https:\/\/archive.sana.sy\/es\/index.php?rest_route=\/wp\/v2\/users\/35"}],"replies":[{"embeddable":true,"href":"https:\/\/archive.sana.sy\/es\/index.php?rest_route=%2Fwp%2Fv2%2Fcomments&post=195842"}],"version-history":[{"count":0,"href":"https:\/\/archive.sana.sy\/es\/index.php?rest_route=\/wp\/v2\/posts\/195842\/revisions"}],"wp:featuredmedia":[{"embeddable":true,"href":"https:\/\/archive.sana.sy\/es\/index.php?rest_route=\/wp\/v2\/media\/195843"}],"wp:attachment":[{"href":"https:\/\/archive.sana.sy\/es\/index.php?rest_route=%2Fwp%2Fv2%2Fmedia&parent=195842"}],"wp:term":[{"taxonomy":"category","embeddable":true,"href":"https:\/\/archive.sana.sy\/es\/index.php?rest_route=%2Fwp%2Fv2%2Fcategories&post=195842"},{"taxonomy":"post_tag","embeddable":true,"href":"https:\/\/archive.sana.sy\/es\/index.php?rest_route=%2Fwp%2Fv2%2Ftags&post=195842"}],"curies":[{"name":"wp","href":"https:\/\/api.w.org\/{rel}","templated":true}]}}