{"id":195895,"date":"2021-09-05T17:29:43","date_gmt":"2021-09-05T14:29:43","guid":{"rendered":"http:\/\/107.6.182.27\/es\/?p=195895"},"modified":"2021-09-05T20:47:42","modified_gmt":"2021-09-05T17:47:42","slug":"presidente-al-assad-las-relaciones-entre-siria-y-el-libano-no-deben-verse-afectadas-por-los-cambios-y-circunstancias","status":"publish","type":"post","link":"https:\/\/archive.sana.sy\/es\/?p=195895","title":{"rendered":"Presidente Al-Assad: Las relaciones entre Siria y el L\u00edbano no deben verse afectadas por los cambios y circunstancias"},"content":{"rendered":"<p style=\"text-align: justify;\"><span style=\"color: #800000;\"><strong>Damasco, SANA<\/strong><\/span><\/p>\n<p style=\"text-align: justify;\">El presidente Bashar al-Assad, recibi\u00f3 hoy a una delegaci\u00f3n libanesa encabezada por Talal Arslan, jefe del Partido Democr\u00e1tico Liban\u00e9s, e integrada por cl\u00e9rigos, dignatarios de la comunidad musulmana drusa, figuras pol\u00edticas y partidistas, adem\u00e1s de actores econ\u00f3micos y sociales libaneses.<\/p>\n<p style=\"text-align: justify;\">El mandatario afirm\u00f3 que los integrantes de la delegaci\u00f3n y los dirigentes que incluye representan el verdadero rostro del L\u00edbano y la mayor\u00eda libanesa que cree en la necesidad e importancia de la relaci\u00f3n con Siria y estuvieron al lado de ella durante los a\u00f1os de la guerra.<\/p>\n<p style=\"text-align: justify;\">Subray\u00f3 que las relaciones entre ambos pa\u00edses no deben verse afectadas por los cambios y las circunstancias, sino que se debe trabajar para fortalecerlas.<\/p>\n<p style=\"text-align: justify;\">\u201cSiria permanecer\u00e1 con el pueblo liban\u00e9s y lo apoyar\u00e1 en todos los niveles\u201d, enfatiz\u00f3.<\/p>\n<p style=\"text-align: justify;\">El Gobernante se\u00f1al\u00f3 que los liderazgos que tienen la visi\u00f3n correcta y clara pueden, a trav\u00e9s de la relaci\u00f3n mutua con el pueblo, alcanzar el objetivo correcto y la estabilidad, y as\u00ed proteger al pueblo de los obst\u00e1culos que enfrenta en diferentes momentos, a la luz de los intentos de desmantelar las estructuras sociales y nacionales.<\/p>\n<p style=\"text-align: justify;\">\u201cLa batalla que los l\u00edderes deben librar es para proteger las mentes de las pretensiones enemigas de abolir las identidades\u201d, fustig\u00f3.<\/p>\n<p style=\"text-align: justify;\">Por su parte, Arslan afirm\u00f3 que Siria dio una lecci\u00f3n al mundo entero en la insumisi\u00f3n a la supremac\u00eda mundial, y se\u00f1al\u00f3 que el sufrimiento de libaneses y sirios es producto del neocolonialismo que pretende despojar los derechos y la dignidad de las naciones.<\/p>\n<p style=\"text-align: justify;\">Subray\u00f3 que aquel que se enemista con Siria se enemista con L\u00edbano y la arabidad civilizada, ya que ning\u00fan patri\u00f3tico acepta la ruptura entre L\u00edbano y Siria, porque esta (la ruptura) constituye un pu\u00f1al en el coraz\u00f3n del L\u00edbano y una conspiraci\u00f3n contra Siria.<\/p>\n<p style=\"text-align: justify;\">Su beatitud el cl\u00e9rigo Nasr Eddin al-Gharib, cheij de la comunidad de Musulmanes Unitarios en el L\u00edbano, explic\u00f3 que la delegaci\u00f3n vino a Siria para felicitarla por sus triunfos sobre el terrorismo a pesar del gran apoyo que recibe \u00e9ste.<\/p>\n<p style=\"text-align: justify;\">Se\u00f1al\u00f3 que Siria nunca se someti\u00f3 al terrorismo ni a las ocupaciones, y que nadie pudo quebrantar la fuerte voluntad del pueblo sirio, y afirm\u00f3 que la comunidad de musulmanes unitarios drusos permanecer\u00e1 fiel a Siria.<\/p>\n<p style=\"text-align: justify;\">Wiam Wahab, presidente del partido Tawhid \u00c1rabe, destac\u00f3 la importancia del protagonismo de Siria en la zona, y consider\u00f3 que los \u00e1rabes no podr\u00e1n encontrarse un lugar entre las potencias regionales si no retornan a Siria.<\/p>\n<p style=\"text-align: justify;\">Los miembros de la delegaci\u00f3n agradecieron a Siria porque se puso de parte del L\u00edbano en los momentos m\u00e1s tenebrosos, y resaltaron que la relaci\u00f3n con Siria es existencial, hist\u00f3rica y geogr\u00e1fica que ning\u00fan aferrado a las apuestas externas podr\u00e1 deformar.<\/p>\n<p style=\"text-align: justify;\">Tambi\u00e9n exaltaron la firmeza del ej\u00e9rcito y el pueblo en Siria frente a los complots que pretend\u00edan desatar guerras en la regi\u00f3n.<\/p>\n<p style=\"text-align: justify;\"><span style=\"color: #0000ff;\"><strong>ah\/fm\/rsh<\/strong><\/span><\/p>\n","protected":false},"excerpt":{"rendered":"<p>Damasco, SANA El presidente Bashar al-Assad, recibi\u00f3 hoy a una delegaci\u00f3n libanesa encabezada por Talal Arslan, jefe del Partido Democr\u00e1tico Liban\u00e9s, e integrada por cl\u00e9rigos, dignatarios de la comunidad musulmana drusa, figuras pol\u00edticas y partidistas, adem\u00e1s de actores econ\u00f3micos y sociales libaneses. El mandatario afirm\u00f3 que los integrantes de la delegaci\u00f3n y los dirigentes que &hellip;<\/p>\n","protected":false},"author":30,"featured_media":195896,"comment_status":"closed","ping_status":"closed","sticky":false,"template":"","format":"standard","meta":{"footnotes":""},"categories":[597,467,583],"tags":[19462],"class_list":["post-195895","post","type-post","status-publish","format-standard","has-post-thumbnail","","category-cinta-de-noticias","category-siria-y-el-mundo","category-slide","tag-presidente-al-assad-las-relaciones-entre-siria-y-el-libano-no-deben-verse-afectadas-por-los-cambios-y-circunstancias"],"_links":{"self":[{"href":"https:\/\/archive.sana.sy\/es\/index.php?rest_route=\/wp\/v2\/posts\/195895"}],"collection":[{"href":"https:\/\/archive.sana.sy\/es\/index.php?rest_route=\/wp\/v2\/posts"}],"about":[{"href":"https:\/\/archive.sana.sy\/es\/index.php?rest_route=\/wp\/v2\/types\/post"}],"author":[{"embeddable":true,"href":"https:\/\/archive.sana.sy\/es\/index.php?rest_route=\/wp\/v2\/users\/30"}],"replies":[{"embeddable":true,"href":"https:\/\/archive.sana.sy\/es\/index.php?rest_route=%2Fwp%2Fv2%2Fcomments&post=195895"}],"version-history":[{"count":0,"href":"https:\/\/archive.sana.sy\/es\/index.php?rest_route=\/wp\/v2\/posts\/195895\/revisions"}],"wp:featuredmedia":[{"embeddable":true,"href":"https:\/\/archive.sana.sy\/es\/index.php?rest_route=\/wp\/v2\/media\/195896"}],"wp:attachment":[{"href":"https:\/\/archive.sana.sy\/es\/index.php?rest_route=%2Fwp%2Fv2%2Fmedia&parent=195895"}],"wp:term":[{"taxonomy":"category","embeddable":true,"href":"https:\/\/archive.sana.sy\/es\/index.php?rest_route=%2Fwp%2Fv2%2Fcategories&post=195895"},{"taxonomy":"post_tag","embeddable":true,"href":"https:\/\/archive.sana.sy\/es\/index.php?rest_route=%2Fwp%2Fv2%2Ftags&post=195895"}],"curies":[{"name":"wp","href":"https:\/\/api.w.org\/{rel}","templated":true}]}}