{"id":195941,"date":"2021-09-05T19:21:03","date_gmt":"2021-09-05T16:21:03","guid":{"rendered":"http:\/\/107.6.182.27\/es\/?p=195941"},"modified":"2021-09-05T19:21:03","modified_gmt":"2021-09-05T16:21:03","slug":"el-consejo-del-pueblo-realiza-las-elecciones-anuales-de-su-buro","status":"publish","type":"post","link":"https:\/\/archive.sana.sy\/es\/?p=195941","title":{"rendered":"El Consejo del Pueblo realiza las elecciones anuales de su Bur\u00f3"},"content":{"rendered":"<p style=\"text-align: justify;\"><span style=\"color: #800000;\"><strong>Damasco, SANA<\/strong><\/span><\/p>\n<p style=\"text-align: justify;\">El Consejo del Pueblo celebr\u00f3 su primera sesi\u00f3n del 4\u00ba Ciclo Extraordinario del 3er periodo legislativo bajo la supervisi\u00f3n del presidente del Consejo, Hamouda Sabagh. La sesi\u00f3n se dedic\u00f3 a las elecciones anuales del Bur\u00f3 cuya presidencia la gan\u00f3 Sabagh por ser el \u00fanico candidato.<\/p>\n<p style=\"text-align: justify;\">Mohamed Akram al-Aylani gan\u00f3 el cargo de vicepresidente del Consejo con 171 votos frente a 15 votos para el candidato Rafat Bakar y 9 votos para Nasser al-Nasser existi\u00e9ndose dos hojas nulas.<\/p>\n<p style=\"text-align: justify;\">En otro contexto el Consejo acept\u00f3 por mayor\u00eda aplazar para finales de mes los debates sobre los saldos finales de los presupuestos generales del estado para los a\u00f1os financieros 2014, 2015 y 2016.<\/p>\n<p style=\"text-align: justify;\">Sabagh se\u00f1al\u00f3 que las elecciones del Bur\u00f3 parlamentario constituyen una parte de las responsabilidades colectivas que asume el Consejo a la sombra de las dif\u00edciles circunstancias que atraviesa Siria.<\/p>\n<p style=\"text-align: justify;\"><span style=\"color: #0000ff;\"><strong>rsh\/ah<\/strong><\/span><\/p>\n","protected":false},"excerpt":{"rendered":"<p>Damasco, SANA El Consejo del Pueblo celebr\u00f3 su primera sesi\u00f3n del 4\u00ba Ciclo Extraordinario del 3er periodo legislativo bajo la supervisi\u00f3n del presidente del Consejo, Hamouda Sabagh. La sesi\u00f3n se dedic\u00f3 a las elecciones anuales del Bur\u00f3 cuya presidencia la gan\u00f3 Sabagh por ser el \u00fanico candidato. Mohamed Akram al-Aylani gan\u00f3 el cargo de vicepresidente &hellip;<\/p>\n","protected":false},"author":30,"featured_media":195942,"comment_status":"closed","ping_status":"closed","sticky":false,"template":"","format":"standard","meta":{"footnotes":""},"categories":[597,476,7541],"tags":[19465],"class_list":["post-195941","post","type-post","status-publish","format-standard","has-post-thumbnail","","category-cinta-de-noticias","category-locales","category-ultimas-noticias","tag-el-consejo-del-pueblo-realiza-las-elecciones-anuales-de-su-buro"],"_links":{"self":[{"href":"https:\/\/archive.sana.sy\/es\/index.php?rest_route=\/wp\/v2\/posts\/195941"}],"collection":[{"href":"https:\/\/archive.sana.sy\/es\/index.php?rest_route=\/wp\/v2\/posts"}],"about":[{"href":"https:\/\/archive.sana.sy\/es\/index.php?rest_route=\/wp\/v2\/types\/post"}],"author":[{"embeddable":true,"href":"https:\/\/archive.sana.sy\/es\/index.php?rest_route=\/wp\/v2\/users\/30"}],"replies":[{"embeddable":true,"href":"https:\/\/archive.sana.sy\/es\/index.php?rest_route=%2Fwp%2Fv2%2Fcomments&post=195941"}],"version-history":[{"count":0,"href":"https:\/\/archive.sana.sy\/es\/index.php?rest_route=\/wp\/v2\/posts\/195941\/revisions"}],"wp:featuredmedia":[{"embeddable":true,"href":"https:\/\/archive.sana.sy\/es\/index.php?rest_route=\/wp\/v2\/media\/195942"}],"wp:attachment":[{"href":"https:\/\/archive.sana.sy\/es\/index.php?rest_route=%2Fwp%2Fv2%2Fmedia&parent=195941"}],"wp:term":[{"taxonomy":"category","embeddable":true,"href":"https:\/\/archive.sana.sy\/es\/index.php?rest_route=%2Fwp%2Fv2%2Fcategories&post=195941"},{"taxonomy":"post_tag","embeddable":true,"href":"https:\/\/archive.sana.sy\/es\/index.php?rest_route=%2Fwp%2Fv2%2Ftags&post=195941"}],"curies":[{"name":"wp","href":"https:\/\/api.w.org\/{rel}","templated":true}]}}