{"id":195944,"date":"2021-09-05T19:54:30","date_gmt":"2021-09-05T16:54:30","guid":{"rendered":"http:\/\/107.6.182.27\/es\/?p=195944"},"modified":"2021-09-05T19:54:30","modified_gmt":"2021-09-05T16:54:30","slug":"la-conferencia-arabe-de-labor-inicia-su-47o-periodo-de-sesiones","status":"publish","type":"post","link":"https:\/\/archive.sana.sy\/es\/?p=195944","title":{"rendered":"La Conferencia \u00c1rabe de Labor inicia su 47\u00ba periodo de sesiones"},"content":{"rendered":"<p style=\"text-align: justify;\"><span style=\"color: #800000;\"><strong>El Cairo, SANA<\/strong><\/span><\/p>\n<p style=\"text-align: justify;\">La Conferencia \u00c1rabe de Labor comenz\u00f3 su 74\u00ba periodo de sesiones en la capital egipcia El Cairo con la participaci\u00f3n de una delegaci\u00f3n que representa a la Uni\u00f3n General de Sindicatos de Trabajadores de Siria encabezada por Gamal al-Qadiri.<\/p>\n<p style=\"text-align: justify;\">La reuni\u00f3n debatir\u00e1 el informe del director general de la Oficina \u00c1rabe de Labor sobre el pionerismo de los proyectos peque\u00f1os y la v\u00eda hacia el desarrollo sostenible y el empoderamiento, adem\u00e1s de asuntos organizativos, financieros y protocolares.<\/p>\n<p style=\"text-align: justify;\">El presidente egipcio Abdel Fattah al-Sisi dijo en un discurso por video en la apertura de la conferencia que el mundo \u00e1rabe enfrenta m\u00faltiples desaf\u00edos impuestos por el actual orden mundial que atraviesa desarrollos que afectan el mundo laboral, en especial el empleo y la reducci\u00f3n del desempleo.<\/p>\n<p style=\"text-align: justify;\">Al-Sisi se\u00f1al\u00f3 que todo ello dicta la necesidad de elaborar una estrategia adecuada para impulsar el desarrollo \u00e1rabe integral y el intercambio de experiencias entre los pa\u00edses \u00e1rabes.<\/p>\n<p style=\"text-align: justify;\">El mandatario egipcio subray\u00f3 la importancia de eliminar las barreras que obstaculizan la integraci\u00f3n entre los estados \u00e1rabes, por lo tanto hay que facilitar el comercio y el intercambio de mercanc\u00edas y servicios, as\u00ed como el movimiento de capitales y las inversiones mixtas.<\/p>\n<p style=\"text-align: justify;\">Participa en la conferencia 16 ministros \u00e1rabes y 404 representantes de patronatos y sindicatos obreros y organizaciones \u00e1rabes e internacionales.<\/p>\n<p style=\"text-align: justify;\"><strong><span style=\"color: #0000ff;\">rsh\/ah<\/span><\/strong><\/p>\n","protected":false},"excerpt":{"rendered":"<p>El Cairo, SANA La Conferencia \u00c1rabe de Labor comenz\u00f3 su 74\u00ba periodo de sesiones en la capital egipcia El Cairo con la participaci\u00f3n de una delegaci\u00f3n que representa a la Uni\u00f3n General de Sindicatos de Trabajadores de Siria encabezada por Gamal al-Qadiri. La reuni\u00f3n debatir\u00e1 el informe del director general de la Oficina \u00c1rabe de &hellip;<\/p>\n","protected":false},"author":30,"featured_media":195945,"comment_status":"closed","ping_status":"closed","sticky":false,"template":"","format":"standard","meta":{"footnotes":""},"categories":[597,467,7541],"tags":[19466],"class_list":["post-195944","post","type-post","status-publish","format-standard","has-post-thumbnail","","category-cinta-de-noticias","category-siria-y-el-mundo","category-ultimas-noticias","tag-la-conferencia-arabe-de-labor-inicia-su-47o-periodo-de-sesiones"],"_links":{"self":[{"href":"https:\/\/archive.sana.sy\/es\/index.php?rest_route=\/wp\/v2\/posts\/195944"}],"collection":[{"href":"https:\/\/archive.sana.sy\/es\/index.php?rest_route=\/wp\/v2\/posts"}],"about":[{"href":"https:\/\/archive.sana.sy\/es\/index.php?rest_route=\/wp\/v2\/types\/post"}],"author":[{"embeddable":true,"href":"https:\/\/archive.sana.sy\/es\/index.php?rest_route=\/wp\/v2\/users\/30"}],"replies":[{"embeddable":true,"href":"https:\/\/archive.sana.sy\/es\/index.php?rest_route=%2Fwp%2Fv2%2Fcomments&post=195944"}],"version-history":[{"count":0,"href":"https:\/\/archive.sana.sy\/es\/index.php?rest_route=\/wp\/v2\/posts\/195944\/revisions"}],"wp:featuredmedia":[{"embeddable":true,"href":"https:\/\/archive.sana.sy\/es\/index.php?rest_route=\/wp\/v2\/media\/195945"}],"wp:attachment":[{"href":"https:\/\/archive.sana.sy\/es\/index.php?rest_route=%2Fwp%2Fv2%2Fmedia&parent=195944"}],"wp:term":[{"taxonomy":"category","embeddable":true,"href":"https:\/\/archive.sana.sy\/es\/index.php?rest_route=%2Fwp%2Fv2%2Fcategories&post=195944"},{"taxonomy":"post_tag","embeddable":true,"href":"https:\/\/archive.sana.sy\/es\/index.php?rest_route=%2Fwp%2Fv2%2Ftags&post=195944"}],"curies":[{"name":"wp","href":"https:\/\/api.w.org\/{rel}","templated":true}]}}