{"id":19608,"date":"2015-03-17T12:26:52","date_gmt":"2015-03-17T10:26:52","guid":{"rendered":"http:\/\/www.sana.sy\/es\/?p=19608"},"modified":"2015-03-17T12:26:52","modified_gmt":"2015-03-17T10:26:52","slug":"levantan-una-bandera-de-siria-sobre-el-coliseo-en-el-centro-de-roma","status":"publish","type":"post","link":"https:\/\/archive.sana.sy\/es\/?p=19608","title":{"rendered":"Levantan una bandera de Siria sobre el Coliseo en el centro de Roma"},"content":{"rendered":"<div><span style=\"color: #ff0000\">Roma, SANA<\/span><\/div>\n<div><span lang=\"ES-TRAD\">\u00a0<\/span><\/div>\n<div><span lang=\"ES-TRAD\">Como expresi\u00f3n de solidaridad con Siria ante la agresi\u00f3n terrorista que est\u00e1 enfrentando desde hace cuatro a\u00f1os, los j\u00f3venes del Frente Europeo para la Defensa de Siria levantaron una bandera siria sobre el &#8220;Coliseo&#8221;, en el centro de la capital italiana Roma.<\/span><\/div>\n<div><span lang=\"ES-TRAD\">\u00a0<\/span><\/div>\n<div><span lang=\"ES-TRAD\">Muchos ciudadanos italianos y turistas extranjeros se congregaron para observar c\u00f3mo se colocaba la bandera siria encima de uno de los lugares m\u00e1s hist\u00f3ricos del centro de Roma.<\/span><\/div>\n<div><span lang=\"ES-TRAD\">\u00a0<\/span><\/div>\n<div><span lang=\"ES-TRAD\">Es de destacar que el Frente Europeo para la Defensa de Siria ha participado en todos los eventos que se organizan en Italia en solidaridad con Siria.<\/span><\/div>\n<div><\/div>\n<div><span style=\"color: #00ccff\">Fady M., Hala B.<\/span><\/div>\n<div class=\"yj6qo ajU\">\n<div id=\":10b\" class=\"ajR\"><img decoding=\"async\" class=\"ajT\" src=\"https:\/\/ssl.gstatic.com\/ui\/v1\/icons\/mail\/images\/cleardot.gif\" alt=\"\" \/><\/div>\n<\/div>\n","protected":false},"excerpt":{"rendered":"<p>Roma, SANA \u00a0 Como expresi\u00f3n de solidaridad con Siria ante la agresi\u00f3n terrorista que est\u00e1 enfrentando desde hace cuatro a\u00f1os, los j\u00f3venes del Frente Europeo para la Defensa de Siria levantaron una bandera siria sobre el &#8220;Coliseo&#8221;, en el centro de la capital italiana Roma. \u00a0 Muchos ciudadanos italianos y turistas extranjeros se congregaron para &hellip;<\/p>\n","protected":false},"author":1,"featured_media":19609,"comment_status":"closed","ping_status":"closed","sticky":false,"template":"","format":"standard","meta":{"footnotes":""},"categories":[597,456,457],"tags":[4439],"class_list":["post-19608","post","type-post","status-publish","format-standard","has-post-thumbnail","","category-cinta-de-noticias","category-arabe-internacional-politica","category-noticias-arabe-internacional-politica","tag-levantan-una-bandera-de-siria-sobre-el-coliseo-en-el-centro-de-roma"],"_links":{"self":[{"href":"https:\/\/archive.sana.sy\/es\/index.php?rest_route=\/wp\/v2\/posts\/19608"}],"collection":[{"href":"https:\/\/archive.sana.sy\/es\/index.php?rest_route=\/wp\/v2\/posts"}],"about":[{"href":"https:\/\/archive.sana.sy\/es\/index.php?rest_route=\/wp\/v2\/types\/post"}],"author":[{"embeddable":true,"href":"https:\/\/archive.sana.sy\/es\/index.php?rest_route=\/wp\/v2\/users\/1"}],"replies":[{"embeddable":true,"href":"https:\/\/archive.sana.sy\/es\/index.php?rest_route=%2Fwp%2Fv2%2Fcomments&post=19608"}],"version-history":[{"count":0,"href":"https:\/\/archive.sana.sy\/es\/index.php?rest_route=\/wp\/v2\/posts\/19608\/revisions"}],"wp:featuredmedia":[{"embeddable":true,"href":"https:\/\/archive.sana.sy\/es\/index.php?rest_route=\/wp\/v2\/media\/19609"}],"wp:attachment":[{"href":"https:\/\/archive.sana.sy\/es\/index.php?rest_route=%2Fwp%2Fv2%2Fmedia&parent=19608"}],"wp:term":[{"taxonomy":"category","embeddable":true,"href":"https:\/\/archive.sana.sy\/es\/index.php?rest_route=%2Fwp%2Fv2%2Fcategories&post=19608"},{"taxonomy":"post_tag","embeddable":true,"href":"https:\/\/archive.sana.sy\/es\/index.php?rest_route=%2Fwp%2Fv2%2Ftags&post=19608"}],"curies":[{"name":"wp","href":"https:\/\/api.w.org\/{rel}","templated":true}]}}