{"id":19611,"date":"2015-03-17T13:10:51","date_gmt":"2015-03-17T11:10:51","guid":{"rendered":"http:\/\/www.sana.sy\/es\/?p=19611"},"modified":"2015-03-17T13:10:51","modified_gmt":"2015-03-17T11:10:51","slug":"autoridades-israelies-ingresan-en-sus-hospitales-a-dos-terroristas-heridos-en-siria","status":"publish","type":"post","link":"https:\/\/archive.sana.sy\/es\/?p=19611","title":{"rendered":"Autoridades israel\u00edes ingresan en sus hospitales a dos terroristas heridos en Siria"},"content":{"rendered":"<div><span style=\"color: #ff0000\">Jerusal\u00e9n, SANA<\/span><\/div>\n<div><span lang=\"ES-TRAD\">\u00a0<\/span><\/div>\n<div><span lang=\"ES-TRAD\">Las autoridades de ocupaci\u00f3n israel\u00edes mantienen su apoyo a las organizaciones terroristas armadas en Siria.<\/span><\/div>\n<div><span lang=\"ES-TRAD\">\u00a0<\/span><\/div>\n<div><span lang=\"ES-TRAD\">En este sentido, las autoridades sionistas ingresaron en el hospital de Poria en Tiber\u00edades, a dos terroristas heridos.<\/span><\/div>\n<div><span lang=\"ES-TRAD\">\u00a0<\/span><\/div>\n<div><span lang=\"ES-TRAD\">Un sitio Web israel\u00ed inform\u00f3 que \u201cel ej\u00e9rcito israel\u00ed ingres\u00f3 a dos heridos sirios en el mencionado hospital, que ha ofrecido tratamiento a unos 161 terroristas heridos hasta el momento.<\/span><\/div>\n<div><span lang=\"ES-TRAD\">\u00a0<\/span><\/div>\n<div><span lang=\"ES-TRAD\">Cabe resaltar que el ocupante israel\u00ed asign\u00f3 varios hospitales para ingresar a los armados heridos de las organizaciones terroristas en Siria, as\u00ed como proporciona ayuda militar y de inteligencia a estas organizaciones, en una clara violaci\u00f3n de la Convenci\u00f3n sobre la Separaci\u00f3n de las Fuerzas y de las resoluciones del Consejo de Seguridad sobre la lucha contra el terrorismo, en particular la reciente resoluci\u00f3n No. 2170.<\/span><\/div>\n<div><\/div>\n<div><span style=\"color: #00ccff\">Fady M., Hala B.<\/span><\/div>\n<div class=\"yj6qo ajU\">\n<div id=\":140\" class=\"ajR\"><img decoding=\"async\" class=\"ajT\" src=\"https:\/\/ssl.gstatic.com\/ui\/v1\/icons\/mail\/images\/cleardot.gif\" alt=\"\" \/><\/div>\n<\/div>\n","protected":false},"excerpt":{"rendered":"<p>Jerusal\u00e9n, SANA \u00a0 Las autoridades de ocupaci\u00f3n israel\u00edes mantienen su apoyo a las organizaciones terroristas armadas en Siria. \u00a0 En este sentido, las autoridades sionistas ingresaron en el hospital de Poria en Tiber\u00edades, a dos terroristas heridos. \u00a0 Un sitio Web israel\u00ed inform\u00f3 que \u201cel ej\u00e9rcito israel\u00ed ingres\u00f3 a dos heridos sirios en el mencionado &hellip;<\/p>\n","protected":false},"author":1,"featured_media":19612,"comment_status":"closed","ping_status":"closed","sticky":false,"template":"","format":"standard","meta":{"footnotes":""},"categories":[456,457,576],"tags":[4440],"class_list":["post-19611","post","type-post","status-publish","format-standard","has-post-thumbnail","","category-arabe-internacional-politica","category-noticias-arabe-internacional-politica","category-noticias-politicas","tag-autoridades-israelies-ingresan-en-sus-hospitales-a-dos-terroristas-heridos-en-siria"],"_links":{"self":[{"href":"https:\/\/archive.sana.sy\/es\/index.php?rest_route=\/wp\/v2\/posts\/19611"}],"collection":[{"href":"https:\/\/archive.sana.sy\/es\/index.php?rest_route=\/wp\/v2\/posts"}],"about":[{"href":"https:\/\/archive.sana.sy\/es\/index.php?rest_route=\/wp\/v2\/types\/post"}],"author":[{"embeddable":true,"href":"https:\/\/archive.sana.sy\/es\/index.php?rest_route=\/wp\/v2\/users\/1"}],"replies":[{"embeddable":true,"href":"https:\/\/archive.sana.sy\/es\/index.php?rest_route=%2Fwp%2Fv2%2Fcomments&post=19611"}],"version-history":[{"count":0,"href":"https:\/\/archive.sana.sy\/es\/index.php?rest_route=\/wp\/v2\/posts\/19611\/revisions"}],"wp:featuredmedia":[{"embeddable":true,"href":"https:\/\/archive.sana.sy\/es\/index.php?rest_route=\/wp\/v2\/media\/19612"}],"wp:attachment":[{"href":"https:\/\/archive.sana.sy\/es\/index.php?rest_route=%2Fwp%2Fv2%2Fmedia&parent=19611"}],"wp:term":[{"taxonomy":"category","embeddable":true,"href":"https:\/\/archive.sana.sy\/es\/index.php?rest_route=%2Fwp%2Fv2%2Fcategories&post=19611"},{"taxonomy":"post_tag","embeddable":true,"href":"https:\/\/archive.sana.sy\/es\/index.php?rest_route=%2Fwp%2Fv2%2Ftags&post=19611"}],"curies":[{"name":"wp","href":"https:\/\/api.w.org\/{rel}","templated":true}]}}