{"id":19614,"date":"2015-03-17T14:06:24","date_gmt":"2015-03-17T12:06:24","guid":{"rendered":"http:\/\/www.sana.sy\/es\/?p=19614"},"modified":"2015-03-18T11:17:07","modified_gmt":"2015-03-18T09:17:07","slug":"damasco-politicas-de-francia-y-bretana-involucran-a-la-ue-en-la-agresion-contra-siria","status":"publish","type":"post","link":"https:\/\/archive.sana.sy\/es\/?p=19614","title":{"rendered":"Damasco: pol\u00edticas de Francia y Breta\u00f1a involucran a la UE en la agresi\u00f3n contra Siria \u00a0"},"content":{"rendered":"<div><span style=\"color: #ff0000\">Damasco, SANA<\/span><\/div>\n<div><span lang=\"ES-TRAD\">\u00a0<\/span><\/div>\n<div><span lang=\"ES-TRAD\">El ministerio de Exteriores y Emigrantes afirm\u00f3 que Francia y Gran Breta\u00f1a siguen aplicando pol\u00edticas que implican a\u00fan m\u00e1s a la Uni\u00f3n Europea en la continuaci\u00f3n de la agresi\u00f3n contra Siria.<\/span><\/div>\n<div><span lang=\"ES-TRAD\">\u00a0<\/span><\/div>\n<div><span lang=\"ES-TRAD\">En un comunicado, el ministerio dijo que &#8220;la luz verde que da la Uni\u00f3n Europea a las pol\u00edticas de estos dos pa\u00edses hace que dicha Uni\u00f3n sea responsable de la prolongaci\u00f3n de la crisis en Siria, del crecimiento del terrorismo y de duplicar el sufrimiento de los sirios con la imposici\u00f3n de sanciones unilaterales, que contrastan con la Carta de las Naciones Unidas y el Derecho Internacional Humanitario&#8221;.<\/span><\/div>\n<div><span lang=\"ES-TRAD\">\u00a0<\/span><\/div>\n<div><span lang=\"ES-TRAD\">El comunicado precis\u00f3 que &#8220;algunos pa\u00edses de la UE buscan con su pol\u00edtica atraer inversiones del Golfo, especialmente de Arabia Saudita y Qatar, lo cual quita todo derecho de la Uni\u00f3n Europea para dar lecciones en los principios y los valores.&#8221;<\/span><\/div>\n<div><span lang=\"ES-TRAD\">\u00a0<\/span><\/div>\n<div><span lang=\"ES-TRAD\">Canciller\u00eda concluy\u00f3 diciendo que &#8220;los estados miembros de la UE que expresaron en m\u00e1s de una ocasi\u00f3n su desaprobaci\u00f3n a este enfoque, deben poner fin a las pol\u00edticas de Francia y Gran Breta\u00f1a, porque eso implicar\u00eda a la UE en posturas que no sirven a sus intereses ni a su estabilidad, sino que a las agendas coloniales de determinados pa\u00edses&#8221;.<\/span><\/div>\n<div><\/div>\n<div><span style=\"color: #00ccff\">Fady., M., Hala B.<\/span><\/div>\n<div class=\"yj6qo ajU\">\n<div id=\":13a\" class=\"ajR\"><img decoding=\"async\" class=\"ajT\" src=\"https:\/\/ssl.gstatic.com\/ui\/v1\/icons\/mail\/images\/cleardot.gif\" alt=\"\" \/><\/div>\n<\/div>\n","protected":false},"excerpt":{"rendered":"<p>Damasco, SANA \u00a0 El ministerio de Exteriores y Emigrantes afirm\u00f3 que Francia y Gran Breta\u00f1a siguen aplicando pol\u00edticas que implican a\u00fan m\u00e1s a la Uni\u00f3n Europea en la continuaci\u00f3n de la agresi\u00f3n contra Siria. \u00a0 En un comunicado, el ministerio dijo que &#8220;la luz verde que da la Uni\u00f3n Europea a las pol\u00edticas de estos &hellip;<\/p>\n","protected":false},"author":1,"featured_media":15882,"comment_status":"closed","ping_status":"closed","sticky":false,"template":"","format":"standard","meta":{"footnotes":""},"categories":[477,476],"tags":[4441],"class_list":["post-19614","post","type-post","status-publish","format-standard","has-post-thumbnail","","category-noticias-edulcorantes","category-locales","tag-damasco-politicas-de-francia-y-bretana-involucran-a-la-ue-en-la-agresion-contra-siria"],"_links":{"self":[{"href":"https:\/\/archive.sana.sy\/es\/index.php?rest_route=\/wp\/v2\/posts\/19614"}],"collection":[{"href":"https:\/\/archive.sana.sy\/es\/index.php?rest_route=\/wp\/v2\/posts"}],"about":[{"href":"https:\/\/archive.sana.sy\/es\/index.php?rest_route=\/wp\/v2\/types\/post"}],"author":[{"embeddable":true,"href":"https:\/\/archive.sana.sy\/es\/index.php?rest_route=\/wp\/v2\/users\/1"}],"replies":[{"embeddable":true,"href":"https:\/\/archive.sana.sy\/es\/index.php?rest_route=%2Fwp%2Fv2%2Fcomments&post=19614"}],"version-history":[{"count":0,"href":"https:\/\/archive.sana.sy\/es\/index.php?rest_route=\/wp\/v2\/posts\/19614\/revisions"}],"wp:featuredmedia":[{"embeddable":true,"href":"https:\/\/archive.sana.sy\/es\/index.php?rest_route=\/wp\/v2\/media\/15882"}],"wp:attachment":[{"href":"https:\/\/archive.sana.sy\/es\/index.php?rest_route=%2Fwp%2Fv2%2Fmedia&parent=19614"}],"wp:term":[{"taxonomy":"category","embeddable":true,"href":"https:\/\/archive.sana.sy\/es\/index.php?rest_route=%2Fwp%2Fv2%2Fcategories&post=19614"},{"taxonomy":"post_tag","embeddable":true,"href":"https:\/\/archive.sana.sy\/es\/index.php?rest_route=%2Fwp%2Fv2%2Ftags&post=19614"}],"curies":[{"name":"wp","href":"https:\/\/api.w.org\/{rel}","templated":true}]}}