{"id":196172,"date":"2021-09-07T20:38:36","date_gmt":"2021-09-07T17:38:36","guid":{"rendered":"http:\/\/107.6.182.27\/es\/?p=196172"},"modified":"2021-09-07T20:38:36","modified_gmt":"2021-09-07T17:38:36","slug":"haddad-y-yakovenko-discuten-formas-de-solucionar-la-crisis-en-siria-y-la-situacion-en-la-region","status":"publish","type":"post","link":"https:\/\/archive.sana.sy\/es\/?p=196172","title":{"rendered":"Haddad y Yakovenko discuten formas de solucionar la crisis en Siria y la situaci\u00f3n en la regi\u00f3n"},"content":{"rendered":"<p><span style=\"color: #800000;\">Mosc\u00fa, SANA<\/span><\/p>\n<p style=\"text-align: justify;\">El embajador sirio en Mosc\u00fa, Riad Haddad, discuti\u00f3 con el director de la Academia Diplom\u00e1tica del Ministerio de Relaciones Exteriores de Rusia, Alexander Yakovenko, la situaci\u00f3n en el Medio Oriente y las formas de resolver la crisis en Siria.<\/p>\n<p style=\"text-align: justify;\">Por medio de un comunicado, el Ministerio de Relaciones Exteriores de Rusia declar\u00f3 que Hadad inform\u00f3 a Yakovenko sobre las operaciones en curso en Siria, incluido el proceso de reconstrucci\u00f3n.<\/p>\n<p style=\"text-align: justify;\">Seg\u00fan la nota oficial, Yakovenko hizo una presentaci\u00f3n general de la actividad de la academia, y dio la bienvenida a la participaci\u00f3n de diplom\u00e1ticos sirios durante el pr\u00f3ximo a\u00f1o acad\u00e9mico.<\/p>\n<p style=\"text-align: justify;\">Asimismo, invit\u00f3 al director del Instituto Diplom\u00e1tico Sirio a visitar Mosc\u00fa e intercambiar experiencias con la Academia Diplom\u00e1tica Rusa.<\/p>\n<p style=\"text-align: justify;\"><em>mm<\/em><\/p>\n","protected":false},"excerpt":{"rendered":"<p>Mosc\u00fa, SANA El embajador sirio en Mosc\u00fa, Riad Haddad, discuti\u00f3 con el director de la Academia Diplom\u00e1tica del Ministerio de Relaciones Exteriores de Rusia, Alexander Yakovenko, la situaci\u00f3n en el Medio Oriente y las formas de resolver la crisis en Siria. Por medio de un comunicado, el Ministerio de Relaciones Exteriores de Rusia declar\u00f3 que &hellip;<\/p>\n","protected":false},"author":36,"featured_media":196173,"comment_status":"closed","ping_status":"closed","sticky":false,"template":"","format":"standard","meta":{"footnotes":""},"categories":[597,467],"tags":[],"class_list":["post-196172","post","type-post","status-publish","format-standard","has-post-thumbnail","","category-cinta-de-noticias","category-siria-y-el-mundo"],"_links":{"self":[{"href":"https:\/\/archive.sana.sy\/es\/index.php?rest_route=\/wp\/v2\/posts\/196172"}],"collection":[{"href":"https:\/\/archive.sana.sy\/es\/index.php?rest_route=\/wp\/v2\/posts"}],"about":[{"href":"https:\/\/archive.sana.sy\/es\/index.php?rest_route=\/wp\/v2\/types\/post"}],"author":[{"embeddable":true,"href":"https:\/\/archive.sana.sy\/es\/index.php?rest_route=\/wp\/v2\/users\/36"}],"replies":[{"embeddable":true,"href":"https:\/\/archive.sana.sy\/es\/index.php?rest_route=%2Fwp%2Fv2%2Fcomments&post=196172"}],"version-history":[{"count":0,"href":"https:\/\/archive.sana.sy\/es\/index.php?rest_route=\/wp\/v2\/posts\/196172\/revisions"}],"wp:featuredmedia":[{"embeddable":true,"href":"https:\/\/archive.sana.sy\/es\/index.php?rest_route=\/wp\/v2\/media\/196173"}],"wp:attachment":[{"href":"https:\/\/archive.sana.sy\/es\/index.php?rest_route=%2Fwp%2Fv2%2Fmedia&parent=196172"}],"wp:term":[{"taxonomy":"category","embeddable":true,"href":"https:\/\/archive.sana.sy\/es\/index.php?rest_route=%2Fwp%2Fv2%2Fcategories&post=196172"},{"taxonomy":"post_tag","embeddable":true,"href":"https:\/\/archive.sana.sy\/es\/index.php?rest_route=%2Fwp%2Fv2%2Ftags&post=196172"}],"curies":[{"name":"wp","href":"https:\/\/api.w.org\/{rel}","templated":true}]}}