{"id":19618,"date":"2015-03-17T14:36:35","date_gmt":"2015-03-17T12:36:35","guid":{"rendered":"http:\/\/www.sana.sy\/es\/?p=19618"},"modified":"2015-03-17T14:36:35","modified_gmt":"2015-03-17T12:36:35","slug":"fuerzas-iraquies-repelen-dos-ataques-terroristas-y-eliminan-a-149-terroristas","status":"publish","type":"post","link":"https:\/\/archive.sana.sy\/es\/?p=19618","title":{"rendered":"Fuerzas iraqu\u00edes repelen dos ataques terroristas y eliminan a 149 terroristas"},"content":{"rendered":"<div><span style=\"color: #ff0000\">Bagdad, SANA<\/span><\/div>\n<div><span lang=\"ES-TRAD\">\u00a0<\/span><\/div>\n<div><span lang=\"ES-TRAD\">Las fuerzas armadas iraqu\u00edes lograron eliminar a 149 terroristas en varias operaciones militares que llevaron a cabo en las provincias de Anbar y Salahuddin.<\/span><\/div>\n<div><span lang=\"ES-TRAD\">\u00a0<\/span><\/div>\n<div><span lang=\"ES-TRAD\">El portavoz del ministerio del Interior iraqu\u00ed en Bagdad dijo que &#8220;las tropas especiales lograron frustrar un ataque terrorista contra el puesto de control en la entrada norte\u00f1a de Bagdad, liquidando a tres atacantes suicidas antes de que lograran llegar al puesto.<\/span><\/div>\n<div><span lang=\"ES-TRAD\">\u00a0<\/span><\/div>\n<div><span lang=\"ES-TRAD\">Por su parte, el Ministerio iraqu\u00ed de Defensa anunci\u00f3 la eliminaci\u00f3n de cuarenta terroristas durante los choques entre el ej\u00e9rcito iraqu\u00ed y las pandillas del Estado Isl\u00e1mico en la ciudad de Biji al norte de Tikrit, en la provincia de Salahuddin.<\/span><\/div>\n<div><span lang=\"ES-TRAD\">\u00a0<\/span><\/div>\n<div><span lang=\"ES-TRAD\">En la provincia de Anbar, una fuerza iraqu\u00ed acab\u00f3 con 50 terroristas durante una operaci\u00f3n contra un cuartel del EI.<\/span><\/div>\n<div><\/div>\n<div><span style=\"color: #00ccff\">Fady M., Hala B.<\/span><\/div>\n<div class=\"yj6qo ajU\">\n<div id=\":145\" class=\"ajR\"><img decoding=\"async\" class=\"ajT\" src=\"https:\/\/ssl.gstatic.com\/ui\/v1\/icons\/mail\/images\/cleardot.gif\" alt=\"\" \/><\/div>\n<\/div>\n","protected":false},"excerpt":{"rendered":"<p>Bagdad, SANA \u00a0 Las fuerzas armadas iraqu\u00edes lograron eliminar a 149 terroristas en varias operaciones militares que llevaron a cabo en las provincias de Anbar y Salahuddin. \u00a0 El portavoz del ministerio del Interior iraqu\u00ed en Bagdad dijo que &#8220;las tropas especiales lograron frustrar un ataque terrorista contra el puesto de control en la entrada &hellip;<\/p>\n","protected":false},"author":1,"featured_media":19619,"comment_status":"closed","ping_status":"closed","sticky":false,"template":"","format":"standard","meta":{"footnotes":""},"categories":[597,456,457],"tags":[4442],"class_list":["post-19618","post","type-post","status-publish","format-standard","has-post-thumbnail","","category-cinta-de-noticias","category-arabe-internacional-politica","category-noticias-arabe-internacional-politica","tag-fuerzas-iraquies-repelen-dos-ataques-terroristas-y-eliminan-a-149-terroristas"],"_links":{"self":[{"href":"https:\/\/archive.sana.sy\/es\/index.php?rest_route=\/wp\/v2\/posts\/19618"}],"collection":[{"href":"https:\/\/archive.sana.sy\/es\/index.php?rest_route=\/wp\/v2\/posts"}],"about":[{"href":"https:\/\/archive.sana.sy\/es\/index.php?rest_route=\/wp\/v2\/types\/post"}],"author":[{"embeddable":true,"href":"https:\/\/archive.sana.sy\/es\/index.php?rest_route=\/wp\/v2\/users\/1"}],"replies":[{"embeddable":true,"href":"https:\/\/archive.sana.sy\/es\/index.php?rest_route=%2Fwp%2Fv2%2Fcomments&post=19618"}],"version-history":[{"count":0,"href":"https:\/\/archive.sana.sy\/es\/index.php?rest_route=\/wp\/v2\/posts\/19618\/revisions"}],"wp:featuredmedia":[{"embeddable":true,"href":"https:\/\/archive.sana.sy\/es\/index.php?rest_route=\/wp\/v2\/media\/19619"}],"wp:attachment":[{"href":"https:\/\/archive.sana.sy\/es\/index.php?rest_route=%2Fwp%2Fv2%2Fmedia&parent=19618"}],"wp:term":[{"taxonomy":"category","embeddable":true,"href":"https:\/\/archive.sana.sy\/es\/index.php?rest_route=%2Fwp%2Fv2%2Fcategories&post=19618"},{"taxonomy":"post_tag","embeddable":true,"href":"https:\/\/archive.sana.sy\/es\/index.php?rest_route=%2Fwp%2Fv2%2Ftags&post=19618"}],"curies":[{"name":"wp","href":"https:\/\/api.w.org\/{rel}","templated":true}]}}