{"id":19621,"date":"2015-03-17T16:08:56","date_gmt":"2015-03-17T14:08:56","guid":{"rendered":"http:\/\/www.sana.sy\/es\/?p=19621"},"modified":"2015-03-18T14:13:28","modified_gmt":"2015-03-18T12:13:28","slug":"parlamento-denuncia-implicacion-de-turquia-en-los-crimenes-cometidos-contra-el-pueblo-sirio","status":"publish","type":"post","link":"https:\/\/archive.sana.sy\/es\/?p=19621","title":{"rendered":"Parlamento denuncia implicaci\u00f3n de Turqu\u00eda en los cr\u00edmenes cometidos contra el pueblo sirio"},"content":{"rendered":"<p>Damasco, SANA<\/p>\n<p>Los diputados de la Asamblea del Pueblo afirmaron que el apoyo del actual gobierno turco a las organizaciones terroristas y su suministro a las mismas con armas y dinero, constituye una continuaci\u00f3n de los cr\u00edmenes que fueron cometidos por el Imperio Otomano.<\/p>\n<p>Durante la sesi\u00f3n del parlamento celebrada con motivo de la aproximaci\u00f3n del centenario del genocidio cometido por los otomanos contra el pueblo armenio, y que coincide el d\u00eda 24 del pr\u00f3ximo mes de abril, el Presidente de la Asamblea del Pueblo, Mohammad Jihad al-Laham, llam\u00f3 a la comunidad internacional y a los pueblos de todo el mundo a enfrentar a los asesinos de la vida y al terrorismo que golpea a Oriente Medio para evitar otras masacres contra la civilizaci\u00f3n humana y la historia.<\/p>\n<p>Asimismo, pidi\u00f3 a los diputados que guardaran un minuto de silencio para conmemorar el doloroso aniversario que cobr\u00f3 la vida de m\u00e1s de un mill\u00f3n y medio de armenios y desplaz\u00f3 a un igual n\u00famero.<br \/>\nFady M., Lynn A.<\/p>\n","protected":false},"excerpt":{"rendered":"<p>Damasco, SANA Los diputados de la Asamblea del Pueblo afirmaron que el apoyo del actual gobierno turco a las organizaciones terroristas y su suministro a las mismas con armas y dinero, constituye una continuaci\u00f3n de los cr\u00edmenes que fueron cometidos por el Imperio Otomano. Durante la sesi\u00f3n del parlamento celebrada con motivo de la aproximaci\u00f3n &hellip;<\/p>\n","protected":false},"author":24,"featured_media":3756,"comment_status":"closed","ping_status":"closed","sticky":false,"template":"","format":"standard","meta":{"footnotes":""},"categories":[477,597,476],"tags":[4443],"class_list":["post-19621","post","type-post","status-publish","format-standard","has-post-thumbnail","","category-noticias-edulcorantes","category-cinta-de-noticias","category-locales","tag-parlamento-denuncia-implicacion-de-turquia-en-los-crimenes-cometidos-contra-el-pueblo-sirio"],"_links":{"self":[{"href":"https:\/\/archive.sana.sy\/es\/index.php?rest_route=\/wp\/v2\/posts\/19621"}],"collection":[{"href":"https:\/\/archive.sana.sy\/es\/index.php?rest_route=\/wp\/v2\/posts"}],"about":[{"href":"https:\/\/archive.sana.sy\/es\/index.php?rest_route=\/wp\/v2\/types\/post"}],"author":[{"embeddable":true,"href":"https:\/\/archive.sana.sy\/es\/index.php?rest_route=\/wp\/v2\/users\/24"}],"replies":[{"embeddable":true,"href":"https:\/\/archive.sana.sy\/es\/index.php?rest_route=%2Fwp%2Fv2%2Fcomments&post=19621"}],"version-history":[{"count":0,"href":"https:\/\/archive.sana.sy\/es\/index.php?rest_route=\/wp\/v2\/posts\/19621\/revisions"}],"wp:featuredmedia":[{"embeddable":true,"href":"https:\/\/archive.sana.sy\/es\/index.php?rest_route=\/wp\/v2\/media\/3756"}],"wp:attachment":[{"href":"https:\/\/archive.sana.sy\/es\/index.php?rest_route=%2Fwp%2Fv2%2Fmedia&parent=19621"}],"wp:term":[{"taxonomy":"category","embeddable":true,"href":"https:\/\/archive.sana.sy\/es\/index.php?rest_route=%2Fwp%2Fv2%2Fcategories&post=19621"},{"taxonomy":"post_tag","embeddable":true,"href":"https:\/\/archive.sana.sy\/es\/index.php?rest_route=%2Fwp%2Fv2%2Ftags&post=19621"}],"curies":[{"name":"wp","href":"https:\/\/api.w.org\/{rel}","templated":true}]}}