{"id":19630,"date":"2015-03-17T17:01:17","date_gmt":"2015-03-17T15:01:17","guid":{"rendered":"http:\/\/www.sana.sy\/es\/?p=19630"},"modified":"2023-01-10T15:29:10","modified_gmt":"2023-01-10T13:29:10","slug":"sima-organizara-la-segunda-edicion-de-la-exposicion-para-la-reconstruccion-de-siria","status":"publish","type":"post","link":"https:\/\/archive.sana.sy\/es\/?p=19630","title":{"rendered":"SIMA organizar\u00e1 la segunda edici\u00f3n de la Exposici\u00f3n para la Reconstrucci\u00f3n de Siria"},"content":{"rendered":"<p>Damasco, SANA<\/p>\n<p>El Ministerio de Econom\u00eda y Comercio Exterior aprob\u00f3 la celebraci\u00f3n de la segunda edici\u00f3n de la Exposici\u00f3n para la Reconstrucci\u00f3n de Siria en el 18 del pr\u00f3ximo mes de mayo.<\/p>\n<p>La exposici\u00f3n organizada por la Asociaci\u00f3n Siria Internacional de Comercializaci\u00f3n (SIMA por sus siglas en ingl\u00e9s), ser\u00e1 bautizado como \u201clos Sirios construyen a Siria\u201d, y contar\u00e1 con la participaci\u00f3n de varias compa\u00f1\u00edas que trabajan en el campo de la reconstrucci\u00f3n junto con varias embajadas acreditadas en Damasco.<\/p>\n<p>En este contexto, el director general de SIMA, Muafak Taiara declar\u00f3 a SANA que su asociaci\u00f3n comenz\u00f3 los preparativos de la segunda edici\u00f3n de la exposici\u00f3n despu\u00e9s del \u00e9xito que hab\u00eda alcanzado su primera edici\u00f3n celebrada a finales del a\u00f1o pasado.<\/p>\n<p>Asimismo destac\u00f3 que la exposici\u00f3n tiene por objetivo responder a las necesidades del proceso de reconstrucci\u00f3n del pa\u00eds y atraer a las nuevas tecnolog\u00edas que sirven en este campo con la participaci\u00f3n de actores comerciales y econ\u00f3micos locales.<\/p>\n<p>Lynn A.<\/p>\n","protected":false},"excerpt":{"rendered":"<p>Damasco, SANA El Ministerio de Econom\u00eda y Comercio Exterior aprob\u00f3 la celebraci\u00f3n de la segunda edici\u00f3n de la Exposici\u00f3n para la Reconstrucci\u00f3n de Siria en el 18 del pr\u00f3ximo mes de mayo. La exposici\u00f3n organizada por la Asociaci\u00f3n Siria Internacional de Comercializaci\u00f3n (SIMA por sus siglas en ingl\u00e9s), ser\u00e1 bautizado como \u201clos Sirios construyen a &hellip;<\/p>\n","protected":false},"author":24,"featured_media":12618,"comment_status":"closed","ping_status":"closed","sticky":false,"template":"","format":"standard","meta":{"footnotes":""},"categories":[447,485],"tags":[4445],"class_list":["post-19630","post","type-post","status-publish","format-standard","has-post-thumbnail","","category-local-politica","category-informes-negocios-y-finanzas","tag-sima-organizara-la-segunda-edicion-de-la-exposicion-para-la-reconstruccion-de-siria"],"_links":{"self":[{"href":"https:\/\/archive.sana.sy\/es\/index.php?rest_route=\/wp\/v2\/posts\/19630"}],"collection":[{"href":"https:\/\/archive.sana.sy\/es\/index.php?rest_route=\/wp\/v2\/posts"}],"about":[{"href":"https:\/\/archive.sana.sy\/es\/index.php?rest_route=\/wp\/v2\/types\/post"}],"author":[{"embeddable":true,"href":"https:\/\/archive.sana.sy\/es\/index.php?rest_route=\/wp\/v2\/users\/24"}],"replies":[{"embeddable":true,"href":"https:\/\/archive.sana.sy\/es\/index.php?rest_route=%2Fwp%2Fv2%2Fcomments&post=19630"}],"version-history":[{"count":0,"href":"https:\/\/archive.sana.sy\/es\/index.php?rest_route=\/wp\/v2\/posts\/19630\/revisions"}],"wp:featuredmedia":[{"embeddable":true,"href":"https:\/\/archive.sana.sy\/es\/index.php?rest_route=\/wp\/v2\/media\/12618"}],"wp:attachment":[{"href":"https:\/\/archive.sana.sy\/es\/index.php?rest_route=%2Fwp%2Fv2%2Fmedia&parent=19630"}],"wp:term":[{"taxonomy":"category","embeddable":true,"href":"https:\/\/archive.sana.sy\/es\/index.php?rest_route=%2Fwp%2Fv2%2Fcategories&post=19630"},{"taxonomy":"post_tag","embeddable":true,"href":"https:\/\/archive.sana.sy\/es\/index.php?rest_route=%2Fwp%2Fv2%2Ftags&post=19630"}],"curies":[{"name":"wp","href":"https:\/\/api.w.org\/{rel}","templated":true}]}}