{"id":196301,"date":"2021-09-08T18:48:36","date_gmt":"2021-09-08T15:48:36","guid":{"rendered":"http:\/\/107.6.182.27\/es\/?p=196301"},"modified":"2021-09-08T18:49:39","modified_gmt":"2021-09-08T15:49:39","slug":"bomberos-de-homs-logran-extinguir-un-incendio-en-la-frontera-sirio-libanesa","status":"publish","type":"post","link":"https:\/\/archive.sana.sy\/es\/?p=196301","title":{"rendered":"Bomberos de Homs logran extinguir un incendio en la frontera sirio-libanesa"},"content":{"rendered":"<p style=\"text-align: justify\"><span style=\"color: #800000\">Homs, SANA<\/span><\/p>\n<p style=\"text-align: justify\">Los equipos de bomberos lograron apagar un incendio que se extendi\u00f3 hoy del territorio liban\u00e9s hacia una zona fronteriza con Siria.<\/p>\n<p style=\"text-align: justify\">El general de brigada Ghiath Akil, director de Defensa Civil en la provincia central precis\u00f3 que las llamas han llegado hasta el campo occidental de la provincia de Homs, sin embargo, se logr\u00f3 controlar y extinguirlas.<\/p>\n<p style=\"text-align: justify\">Indic\u00f3 que el incendio se extendi\u00f3 a lo largo de un kil\u00f3metro y medio de la frontera sirio-libanesa y afect\u00f3 a numerosos \u00e1rboles.<\/p>\n<p style=\"text-align: justify\"><span style=\"color: #0000ff\"><em><strong>la<\/strong><\/em><\/span><\/p>\n","protected":false},"excerpt":{"rendered":"<p>Homs, SANA Los equipos de bomberos lograron apagar un incendio que se extendi\u00f3 hoy del territorio liban\u00e9s hacia una zona fronteriza con Siria. El general de brigada Ghiath Akil, director de Defensa Civil en la provincia central precis\u00f3 que las llamas han llegado hasta el campo occidental de la provincia de Homs, sin embargo, se &hellip;<\/p>\n","protected":false},"author":24,"featured_media":196302,"comment_status":"closed","ping_status":"closed","sticky":false,"template":"","format":"standard","meta":{"footnotes":""},"categories":[597,476],"tags":[],"class_list":["post-196301","post","type-post","status-publish","format-standard","has-post-thumbnail","","category-cinta-de-noticias","category-locales"],"_links":{"self":[{"href":"https:\/\/archive.sana.sy\/es\/index.php?rest_route=\/wp\/v2\/posts\/196301"}],"collection":[{"href":"https:\/\/archive.sana.sy\/es\/index.php?rest_route=\/wp\/v2\/posts"}],"about":[{"href":"https:\/\/archive.sana.sy\/es\/index.php?rest_route=\/wp\/v2\/types\/post"}],"author":[{"embeddable":true,"href":"https:\/\/archive.sana.sy\/es\/index.php?rest_route=\/wp\/v2\/users\/24"}],"replies":[{"embeddable":true,"href":"https:\/\/archive.sana.sy\/es\/index.php?rest_route=%2Fwp%2Fv2%2Fcomments&post=196301"}],"version-history":[{"count":0,"href":"https:\/\/archive.sana.sy\/es\/index.php?rest_route=\/wp\/v2\/posts\/196301\/revisions"}],"wp:featuredmedia":[{"embeddable":true,"href":"https:\/\/archive.sana.sy\/es\/index.php?rest_route=\/wp\/v2\/media\/196302"}],"wp:attachment":[{"href":"https:\/\/archive.sana.sy\/es\/index.php?rest_route=%2Fwp%2Fv2%2Fmedia&parent=196301"}],"wp:term":[{"taxonomy":"category","embeddable":true,"href":"https:\/\/archive.sana.sy\/es\/index.php?rest_route=%2Fwp%2Fv2%2Fcategories&post=196301"},{"taxonomy":"post_tag","embeddable":true,"href":"https:\/\/archive.sana.sy\/es\/index.php?rest_route=%2Fwp%2Fv2%2Ftags&post=196301"}],"curies":[{"name":"wp","href":"https:\/\/api.w.org\/{rel}","templated":true}]}}