{"id":196329,"date":"2021-09-08T20:36:31","date_gmt":"2021-09-08T17:36:31","guid":{"rendered":"http:\/\/107.6.182.27\/es\/?p=196329"},"modified":"2023-01-10T14:26:26","modified_gmt":"2023-01-10T12:26:26","slug":"arnous-explica-ante-parlamento-el-empeno-gubernamental-por-garantizar-derivados-de-petroleo","status":"publish","type":"post","link":"https:\/\/archive.sana.sy\/es\/?p=196329","title":{"rendered":"Arnous explica ante Parlamento el empe\u00f1o gubernamental por garantizar derivados de petr\u00f3leo"},"content":{"rendered":"<p style=\"text-align: justify\"><span style=\"color: #800000\">Damasco, SANA<\/span><\/p>\n<p style=\"text-align: justify\">El primer ministro, Hossein Arnous, destac\u00f3 que el gobierno no escatima esfuerzo para reconstruir lo destruido por el terrorismo y ha logrado un avance importante en este campo.<\/p>\n<p style=\"text-align: justify\">El jefe del gabinete hizo estas declaraciones durante su intervenci\u00f3n en una sesi\u00f3n extraordinaria de la Asamblea del Pueblo dedicada a debatir la nueva declaraci\u00f3n ministerial.<\/p>\n<p style=\"text-align: justify\">Arnous se\u00f1al\u00f3 que se est\u00e1 trabajando para responder a la demanda de los derivados del petr\u00f3leo, y explic\u00f3 que las necesidades diarias de di\u00e9sel llegan a unos 8,5 millones de litros, y de gasolina son 6 millones de litros, sin embargo lo que hay disponible son 5,5 millones de litros de gas\u00f3leo y 4 millones de litros de gasolina diarios.<\/p>\n<p style=\"text-align: justify\">\u201cBuscamos por todos los medios aumentar estas cantidades para atender mejor a las necesidades de los diversos sectores\u201d, rese\u00f1\u00f3.<\/p>\n<p style=\"text-align: justify\">Por otro lado, confirm\u00f3 que el gobierno est\u00e1 buscando reparar y rehabilitar varias plantas de energ\u00eda. \u201cA finales de este a\u00f1o, uno de los grupos de la planta de Alepo entrar\u00e1 en funcionamiento, adem\u00e1s de completar la primera fase de la estaci\u00f3n de Rastan en Latakia, lo cual reflejar\u00e1 positivamente sobre la realidad de la electricidad\u201d, precis\u00f3.<\/p>\n<p style=\"text-align: justify\">En este contexto, reiter\u00f3 que los proyectos de energ\u00edas renovables son una prioridad para el gobierno.<\/p>\n<p style=\"text-align: justify\"><span style=\"color: #0000ff\"><strong><em>la<\/em><\/strong><\/span><\/p>\n","protected":false},"excerpt":{"rendered":"<p>Damasco, SANA El primer ministro, Hossein Arnous, destac\u00f3 que el gobierno no escatima esfuerzo para reconstruir lo destruido por el terrorismo y ha logrado un avance importante en este campo. El jefe del gabinete hizo estas declaraciones durante su intervenci\u00f3n en una sesi\u00f3n extraordinaria de la Asamblea del Pueblo dedicada a debatir la nueva declaraci\u00f3n &hellip;<\/p>\n","protected":false},"author":24,"featured_media":196330,"comment_status":"closed","ping_status":"closed","sticky":false,"template":"","format":"standard","meta":{"footnotes":""},"categories":[447,597,476,7541],"tags":[],"class_list":["post-196329","post","type-post","status-publish","format-standard","has-post-thumbnail","","category-local-politica","category-cinta-de-noticias","category-locales","category-ultimas-noticias"],"_links":{"self":[{"href":"https:\/\/archive.sana.sy\/es\/index.php?rest_route=\/wp\/v2\/posts\/196329"}],"collection":[{"href":"https:\/\/archive.sana.sy\/es\/index.php?rest_route=\/wp\/v2\/posts"}],"about":[{"href":"https:\/\/archive.sana.sy\/es\/index.php?rest_route=\/wp\/v2\/types\/post"}],"author":[{"embeddable":true,"href":"https:\/\/archive.sana.sy\/es\/index.php?rest_route=\/wp\/v2\/users\/24"}],"replies":[{"embeddable":true,"href":"https:\/\/archive.sana.sy\/es\/index.php?rest_route=%2Fwp%2Fv2%2Fcomments&post=196329"}],"version-history":[{"count":0,"href":"https:\/\/archive.sana.sy\/es\/index.php?rest_route=\/wp\/v2\/posts\/196329\/revisions"}],"wp:featuredmedia":[{"embeddable":true,"href":"https:\/\/archive.sana.sy\/es\/index.php?rest_route=\/wp\/v2\/media\/196330"}],"wp:attachment":[{"href":"https:\/\/archive.sana.sy\/es\/index.php?rest_route=%2Fwp%2Fv2%2Fmedia&parent=196329"}],"wp:term":[{"taxonomy":"category","embeddable":true,"href":"https:\/\/archive.sana.sy\/es\/index.php?rest_route=%2Fwp%2Fv2%2Fcategories&post=196329"},{"taxonomy":"post_tag","embeddable":true,"href":"https:\/\/archive.sana.sy\/es\/index.php?rest_route=%2Fwp%2Fv2%2Ftags&post=196329"}],"curies":[{"name":"wp","href":"https:\/\/api.w.org\/{rel}","templated":true}]}}