{"id":196344,"date":"2021-09-08T21:53:33","date_gmt":"2021-09-08T18:53:33","guid":{"rendered":"http:\/\/107.6.182.27\/es\/?p=196344"},"modified":"2023-01-12T14:40:25","modified_gmt":"2023-01-12T12:40:25","slug":"aviones-de-guerra-saudies-bombardean-de-nuevo-diferentes-zonas-en-yemen","status":"publish","type":"post","link":"https:\/\/archive.sana.sy\/es\/?p=196344","title":{"rendered":"Aviones de guerra saud\u00edes bombardean de nuevo diferentes zonas en Yemen"},"content":{"rendered":"<p><span style=\"color: #800000;\">San\u00e1, SANA<\/span><\/p>\n<p style=\"text-align: justify;\">Los aviones de combate de agresi\u00f3n liderada por Arabia Saudita renovaron sus bombardeos contra \u00e1reas y vecindarios residenciales en Yemen, causando da\u00f1os a la propiedad civil.<\/p>\n<p style=\"text-align: justify;\">&#8220;La agresi\u00f3n saud\u00ed lanz\u00f3 12 redadas en el distrito de Sirwah, as\u00ed como 4 redadas en los distritos de Rahba y el monte Murad en la gobernaci\u00f3n de Marib, adem\u00e1s de una redada en la zona de Al Faree en el distrito de Kataf en la gobernaci\u00f3n de Saada y una redada en el \u00e1rea de Al-Labanat en el distrito de Al-Hazm en la gobernaci\u00f3n de Al-Jawf &#8220;, inform\u00f3 una fuente de seguridad yemen\u00ed citada por el portal informativo de Al Masirah.<\/p>\n<p style=\"text-align: justify;\">El r\u00e9gimen saud\u00ed sigue con su agresi\u00f3n contra el pueblo yemen\u00ed desde marzo de 2015, dejando decenas de miles de v\u00edctimas y destrucci\u00f3n masiva a la infraestructura del pa\u00eds.<\/p>\n<p style=\"text-align: justify;\"><em>mm<\/em><\/p>\n","protected":false},"excerpt":{"rendered":"<p>San\u00e1, SANA Los aviones de combate de agresi\u00f3n liderada por Arabia Saudita renovaron sus bombardeos contra \u00e1reas y vecindarios residenciales en Yemen, causando da\u00f1os a la propiedad civil. &#8220;La agresi\u00f3n saud\u00ed lanz\u00f3 12 redadas en el distrito de Sirwah, as\u00ed como 4 redadas en los distritos de Rahba y el monte Murad en la gobernaci\u00f3n &hellip;<\/p>\n","protected":false},"author":36,"featured_media":196345,"comment_status":"closed","ping_status":"closed","sticky":false,"template":"","format":"standard","meta":{"footnotes":""},"categories":[597,456,457],"tags":[],"class_list":["post-196344","post","type-post","status-publish","format-standard","has-post-thumbnail","","category-cinta-de-noticias","category-arabe-internacional-politica","category-noticias-arabe-internacional-politica"],"_links":{"self":[{"href":"https:\/\/archive.sana.sy\/es\/index.php?rest_route=\/wp\/v2\/posts\/196344"}],"collection":[{"href":"https:\/\/archive.sana.sy\/es\/index.php?rest_route=\/wp\/v2\/posts"}],"about":[{"href":"https:\/\/archive.sana.sy\/es\/index.php?rest_route=\/wp\/v2\/types\/post"}],"author":[{"embeddable":true,"href":"https:\/\/archive.sana.sy\/es\/index.php?rest_route=\/wp\/v2\/users\/36"}],"replies":[{"embeddable":true,"href":"https:\/\/archive.sana.sy\/es\/index.php?rest_route=%2Fwp%2Fv2%2Fcomments&post=196344"}],"version-history":[{"count":0,"href":"https:\/\/archive.sana.sy\/es\/index.php?rest_route=\/wp\/v2\/posts\/196344\/revisions"}],"wp:featuredmedia":[{"embeddable":true,"href":"https:\/\/archive.sana.sy\/es\/index.php?rest_route=\/wp\/v2\/media\/196345"}],"wp:attachment":[{"href":"https:\/\/archive.sana.sy\/es\/index.php?rest_route=%2Fwp%2Fv2%2Fmedia&parent=196344"}],"wp:term":[{"taxonomy":"category","embeddable":true,"href":"https:\/\/archive.sana.sy\/es\/index.php?rest_route=%2Fwp%2Fv2%2Fcategories&post=196344"},{"taxonomy":"post_tag","embeddable":true,"href":"https:\/\/archive.sana.sy\/es\/index.php?rest_route=%2Fwp%2Fv2%2Ftags&post=196344"}],"curies":[{"name":"wp","href":"https:\/\/api.w.org\/{rel}","templated":true}]}}