{"id":196347,"date":"2021-09-09T06:18:59","date_gmt":"2021-09-09T03:18:59","guid":{"rendered":"http:\/\/107.6.182.27\/es\/?p=196347"},"modified":"2023-01-10T14:26:26","modified_gmt":"2023-01-10T12:26:26","slug":"confirman-138-nuevos-casos-positivos-a-la-covid-19-en-siria","status":"publish","type":"post","link":"https:\/\/archive.sana.sy\/es\/?p=196347","title":{"rendered":"Confirman 138 nuevos casos positivos a la Covid-19 en Siria"},"content":{"rendered":"<p style=\"text-align: justify;\"><span style=\"color: #800000;\"><strong>Damasco, SANA<\/strong><\/span><\/p>\n<p style=\"text-align: justify;\">Siria report\u00f3 138 nuevos casos confirmados por el nuevo Coronavirus durante la \u00faltima jornada, mientras 22 se recuperaron y seis fallecieron por el virus.<\/p>\n<p style=\"text-align: justify;\">Seg\u00fan inform\u00f3 una nota del Ministerio de Salud, la cifra de contagiados a nivel nacional ascendi\u00f3 a 28.952 incluidos 22.642 recuperados, mientras la cifra de muertos se elev\u00f3 a 2.055.<\/p>\n<p style=\"text-align: justify;\">Con 30 casos confirmados, Latakia encabeza las provincias sirias con m\u00e1s nuevos contagios, le sigue Alepo con 28 y Damasco con 20.<\/p>\n<p style=\"text-align: justify;\">Siria report\u00f3 el primer caso del nuevo Coronavirus el 22 de marzo del a\u00f1o pasado.<\/p>\n<p style=\"text-align: justify;\"><span style=\"color: #0000ff;\"><strong>fm<\/strong><\/span><\/p>\n","protected":false},"excerpt":{"rendered":"<p>Damasco, SANA Siria report\u00f3 138 nuevos casos confirmados por el nuevo Coronavirus durante la \u00faltima jornada, mientras 22 se recuperaron y seis fallecieron por el virus. Seg\u00fan inform\u00f3 una nota del Ministerio de Salud, la cifra de contagiados a nivel nacional ascendi\u00f3 a 28.952 incluidos 22.642 recuperados, mientras la cifra de muertos se elev\u00f3 a &hellip;<\/p>\n","protected":false},"author":34,"featured_media":196348,"comment_status":"closed","ping_status":"closed","sticky":false,"template":"","format":"standard","meta":{"footnotes":""},"categories":[447,477,597,476,457,7541],"tags":[],"class_list":["post-196347","post","type-post","status-publish","format-standard","has-post-thumbnail","","category-local-politica","category-noticias-edulcorantes","category-cinta-de-noticias","category-locales","category-noticias-arabe-internacional-politica","category-ultimas-noticias"],"_links":{"self":[{"href":"https:\/\/archive.sana.sy\/es\/index.php?rest_route=\/wp\/v2\/posts\/196347"}],"collection":[{"href":"https:\/\/archive.sana.sy\/es\/index.php?rest_route=\/wp\/v2\/posts"}],"about":[{"href":"https:\/\/archive.sana.sy\/es\/index.php?rest_route=\/wp\/v2\/types\/post"}],"author":[{"embeddable":true,"href":"https:\/\/archive.sana.sy\/es\/index.php?rest_route=\/wp\/v2\/users\/34"}],"replies":[{"embeddable":true,"href":"https:\/\/archive.sana.sy\/es\/index.php?rest_route=%2Fwp%2Fv2%2Fcomments&post=196347"}],"version-history":[{"count":0,"href":"https:\/\/archive.sana.sy\/es\/index.php?rest_route=\/wp\/v2\/posts\/196347\/revisions"}],"wp:featuredmedia":[{"embeddable":true,"href":"https:\/\/archive.sana.sy\/es\/index.php?rest_route=\/wp\/v2\/media\/196348"}],"wp:attachment":[{"href":"https:\/\/archive.sana.sy\/es\/index.php?rest_route=%2Fwp%2Fv2%2Fmedia&parent=196347"}],"wp:term":[{"taxonomy":"category","embeddable":true,"href":"https:\/\/archive.sana.sy\/es\/index.php?rest_route=%2Fwp%2Fv2%2Fcategories&post=196347"},{"taxonomy":"post_tag","embeddable":true,"href":"https:\/\/archive.sana.sy\/es\/index.php?rest_route=%2Fwp%2Fv2%2Ftags&post=196347"}],"curies":[{"name":"wp","href":"https:\/\/api.w.org\/{rel}","templated":true}]}}