{"id":19635,"date":"2015-03-17T17:57:36","date_gmt":"2015-03-17T15:57:36","guid":{"rendered":"http:\/\/www.sana.sy\/es\/?p=19635"},"modified":"2015-03-17T17:57:36","modified_gmt":"2015-03-17T15:57:36","slug":"jornada-cultural-en-polonia-para-mostrar-la-resistencia-de-siria-a-lo-largo-de-cuatro-anos-de-guerra","status":"publish","type":"post","link":"https:\/\/archive.sana.sy\/es\/?p=19635","title":{"rendered":"Jornada cultural en Polonia para mostrar la resistencia de Siria a lo largo de cuatro a\u00f1os\u00a0de guerra"},"content":{"rendered":"<p>Varsovia, SANA<\/p>\n<p>La embajada de la Rep\u00fablica \u00c1rabe Siria en Varsovia organiz\u00f3 en cooperaci\u00f3n con la sucursal de la Uni\u00f3n de Estudiantes Sirios en Polonia, una jornada cultural en la Universidad de Lazarski con motivo del culmino de cuatro a\u00f1os a la guerra universal contra Siria.<\/p>\n<p>La jornada cultural una exposici\u00f3n fotogr\u00e1fica sobre la civilizaci\u00f3n y la historia de Siria y la destrucci\u00f3n cometida por los terroristas contra su patrimonio cultural. As\u00ed como incluye un documental sobre Siria antes y despu\u00e9s de la crisis y una conferencia acerca de la situaci\u00f3n actual en esta naci\u00f3n.<\/p>\n<p>Al inaugurar el evento, el encargado de negocios en la embajada siria, Idiris Meya que esta actividad tiene por objetivo mostrar los aspectos cultural, hist\u00f3rico y civilizado de Siria, as\u00ed como desenmascarar los cr\u00edmenes de las bandas terroristas que alcanzaron varias zonas y vestigios arqueol\u00f3gicos sirios.<\/p>\n<p>Asimismo enfatiz\u00f3 que los grupos takfiristas no pueden acabar con una civilizaci\u00f3n brillante que se remonta a miles de a\u00f1os y que ofreci\u00f3 incalculables conocimientos y valores a la humanidad.<\/p>\n<p>Tambi\u00e9n recalc\u00f3 que estos grupos ser\u00e1n vencidos gracias a la legendaria resistencia del ej\u00e9rcito, el pueblo y el liderazgo de Siria.<\/p>\n<p>A su vez, el rector de la universidad polaca destac\u00f3 la importancia de este evento en dar a conocer a los estudiantes polacos con la gigantesca civilizaci\u00f3n siria, expresando su esperanza en la pronta restauraci\u00f3n de la seguridad y estabilidad en el territorio sirio.<br \/>\nLynn A.<\/p>\n","protected":false},"excerpt":{"rendered":"<p>Varsovia, SANA La embajada de la Rep\u00fablica \u00c1rabe Siria en Varsovia organiz\u00f3 en cooperaci\u00f3n con la sucursal de la Uni\u00f3n de Estudiantes Sirios en Polonia, una jornada cultural en la Universidad de Lazarski con motivo del culmino de cuatro a\u00f1os a la guerra universal contra Siria. La jornada cultural una exposici\u00f3n fotogr\u00e1fica sobre la civilizaci\u00f3n &hellip;<\/p>\n","protected":false},"author":24,"featured_media":19636,"comment_status":"closed","ping_status":"closed","sticky":false,"template":"","format":"standard","meta":{"footnotes":""},"categories":[1],"tags":[4446],"class_list":["post-19635","post","type-post","status-publish","format-standard","has-post-thumbnail","","category-news-not-sorted","tag-jornada-cultural-en-polonia-para-mostrar-la-resistencia-de-siria-a-lo-largo-de-cuatro-anos-de-guerra"],"_links":{"self":[{"href":"https:\/\/archive.sana.sy\/es\/index.php?rest_route=\/wp\/v2\/posts\/19635"}],"collection":[{"href":"https:\/\/archive.sana.sy\/es\/index.php?rest_route=\/wp\/v2\/posts"}],"about":[{"href":"https:\/\/archive.sana.sy\/es\/index.php?rest_route=\/wp\/v2\/types\/post"}],"author":[{"embeddable":true,"href":"https:\/\/archive.sana.sy\/es\/index.php?rest_route=\/wp\/v2\/users\/24"}],"replies":[{"embeddable":true,"href":"https:\/\/archive.sana.sy\/es\/index.php?rest_route=%2Fwp%2Fv2%2Fcomments&post=19635"}],"version-history":[{"count":0,"href":"https:\/\/archive.sana.sy\/es\/index.php?rest_route=\/wp\/v2\/posts\/19635\/revisions"}],"wp:featuredmedia":[{"embeddable":true,"href":"https:\/\/archive.sana.sy\/es\/index.php?rest_route=\/wp\/v2\/media\/19636"}],"wp:attachment":[{"href":"https:\/\/archive.sana.sy\/es\/index.php?rest_route=%2Fwp%2Fv2%2Fmedia&parent=19635"}],"wp:term":[{"taxonomy":"category","embeddable":true,"href":"https:\/\/archive.sana.sy\/es\/index.php?rest_route=%2Fwp%2Fv2%2Fcategories&post=19635"},{"taxonomy":"post_tag","embeddable":true,"href":"https:\/\/archive.sana.sy\/es\/index.php?rest_route=%2Fwp%2Fv2%2Ftags&post=19635"}],"curies":[{"name":"wp","href":"https:\/\/api.w.org\/{rel}","templated":true}]}}